{"id":75659,"date":"2020-06-12T17:57:09","date_gmt":"2020-06-12T20:57:09","guid":{"rendered":"https:\/\/eldiariodesanpedro.com.ar\/sitio\/?p=75659"},"modified":"2020-06-12T17:57:14","modified_gmt":"2020-06-12T20:57:14","slug":"baradero-internos-carcelarios-fabricaron-15-cuchas-y-8-camas-para-donarlas-al-refugio-de-ely","status":"publish","type":"post","link":"https:\/\/eldiariodesanpedro.com.ar\/sitio\/baradero-internos-carcelarios-fabricaron-15-cuchas-y-8-camas-para-donarlas-al-refugio-de-ely\/","title":{"rendered":"BARADERO | Internos carcelarios fabricaron 15 cuchas y 8 camas para donarlas al \u00abRefugio de Ely\u00bb"},"content":{"rendered":"<!-- VideographyWP Plugin Message: Automatic video embedding prevented by plugin options. -->\n\n<p>La entrega de los elementos elaborados en la Unidad 11 del Servicio Penitenciario Bonaerense (SPB) fue realizada este jueves, y es el fruto de un trabajo mancomunado que beneficia tanto al refugio como al establecimiento penitenciario ya que representantes de la asociaci\u00f3n fueron quienes aportaron la madera reciclada y adem\u00e1s llevan continuamente adelante campa\u00f1as de castraci\u00f3n y vacunaci\u00f3n destinadas a los perros adoptados dentro y fuera del Penal.<\/p>\n\n\n\n<p>\u201cFue una experiencia muy positiva y estamos muy contentos de poder colaborar con el refugio\u201d, afirm\u00f3 Juan, uno de los internos carpinteros.<\/p>\n\n\n\n<p>La experiencia cont\u00f3 con el impulso del Ministerio de Justicia y Derechos Humanos de la provincia de Buenos Aires, la Direcci\u00f3n de Asistencia y Tratamiento y la Subdirecci\u00f3n General de Trabajo del SPB.<br>Juan, \u00c1ngel y Gustavo fueron los privados de libertad que trabajaron en la carpinter\u00eda que funciona en la Unidad 11 durante un mes y medio.<\/p>\n\n\n\n<p>\u201cEsto posibilita que la asociaci\u00f3n pueda ayudar a m\u00e1s animalitos que hoy no cuentan con un hogar\u201d, se\u00f1al\u00f3 \u00c1ngel.<br>La labor del \u201cRefugio de Ely\u201d cuenta con el apoyo de toda la sociedad local. Los vecinos informan cada vez que dan con un caso de maltrato animal o una mascota abandonada. Los perros y gatos se recuperan en la asociaci\u00f3n que luego los da en adopci\u00f3n.<\/p>\n\n\n\n<p>En el acto de entrega estuvieron presentes el Director de la Unidad 11, Carlos Mart\u00edn, los internos que fabricaron las cuchas, y las representantes de la asociaci\u00f3n, Clarisa Bello y Luc\u00eda Laudat, entre otros invitados.<\/p>\n\n\n\n<p>Carlos Mart\u00edn, destac\u00f3 \u201cla labor de los internos que desinteresadamente colaboraron para que el refugio pueda ayudar a encontrar un hogar responsable para los animales que hoy est\u00e1n en situaci\u00f3n de desamparo, maltrato y\/o abandono\u201d.<\/p>\n\n\n\n<p>Fuente: <a href=\"http:\/\/tiemponoticias.com.ar\/noba\/2020\/06\/12\/privados-de-libertad-de-la-carcel-de-baradero-fabricaron-15-cuchas-y-8-camas-para-donarlas-al-refugio-de-ely\/\">Tiempo Noticias <\/a><\/p>\n","protected":false},"excerpt":{"rendered":"<p>La entrega de los elementos elaborados en la Unidad 11 del Servicio Penitenciario Bonaerense (SPB) fue realizada este jueves, y es el fruto de un trabajo mancomunado que beneficia tanto al refugio como al establecimiento penitenciario ya que representantes de la asociaci\u00f3n fueron quienes aportaron la madera reciclada y adem\u00e1s llevan continuamente adelante campa\u00f1as de [&hellip;]<\/p>\n","protected":false},"author":4,"featured_media":75660,"comment_status":"open","ping_status":"closed","sticky":false,"template":"","format":"standard","meta":{"om_disable_all_campaigns":false,"_jetpack_memberships_contains_paid_content":false,"footnotes":""},"categories":[621],"tags":[197,1491],"class_list":["post-75659","post","type-post","status-publish","format-standard","has-post-thumbnail","hentry","category-regionales","tag-buenos-aires","tag-reginales"],"aioseo_notices":[],"gutentor_comment":0,"jetpack_featured_media_url":"https:\/\/eldiariodesanpedro.com.ar\/sitio\/wp-content\/uploads\/2020\/06\/3fee8443-dde7-4d93-a204-2c1a4d54809e.jpg","jetpack_shortlink":"https:\/\/wp.me\/p6RhLt-jGj","jetpack_sharing_enabled":true,"_links":{"self":[{"href":"https:\/\/eldiariodesanpedro.com.ar\/sitio\/wp-json\/wp\/v2\/posts\/75659","targetHints":{"allow":["GET"]}}],"collection":[{"href":"https:\/\/eldiariodesanpedro.com.ar\/sitio\/wp-json\/wp\/v2\/posts"}],"about":[{"href":"https:\/\/eldiariodesanpedro.com.ar\/sitio\/wp-json\/wp\/v2\/types\/post"}],"author":[{"embeddable":true,"href":"https:\/\/eldiariodesanpedro.com.ar\/sitio\/wp-json\/wp\/v2\/users\/4"}],"replies":[{"embeddable":true,"href":"https:\/\/eldiariodesanpedro.com.ar\/sitio\/wp-json\/wp\/v2\/comments?post=75659"}],"version-history":[{"count":1,"href":"https:\/\/eldiariodesanpedro.com.ar\/sitio\/wp-json\/wp\/v2\/posts\/75659\/revisions"}],"predecessor-version":[{"id":75661,"href":"https:\/\/eldiariodesanpedro.com.ar\/sitio\/wp-json\/wp\/v2\/posts\/75659\/revisions\/75661"}],"wp:featuredmedia":[{"embeddable":true,"href":"https:\/\/eldiariodesanpedro.com.ar\/sitio\/wp-json\/wp\/v2\/media\/75660"}],"wp:attachment":[{"href":"https:\/\/eldiariodesanpedro.com.ar\/sitio\/wp-json\/wp\/v2\/media?parent=75659"}],"wp:term":[{"taxonomy":"category","embeddable":true,"href":"https:\/\/eldiariodesanpedro.com.ar\/sitio\/wp-json\/wp\/v2\/categories?post=75659"},{"taxonomy":"post_tag","embeddable":true,"href":"https:\/\/eldiariodesanpedro.com.ar\/sitio\/wp-json\/wp\/v2\/tags?post=75659"}],"curies":[{"name":"wp","href":"https:\/\/api.w.org\/{rel}","templated":true}]}}