{"id":75574,"date":"2020-06-11T12:02:44","date_gmt":"2020-06-11T15:02:44","guid":{"rendered":"https:\/\/eldiariodesanpedro.com.ar\/sitio\/?p=75574"},"modified":"2020-06-11T12:02:47","modified_gmt":"2020-06-11T15:02:47","slug":"baradero-ingredion-informa-que-actualmente-no-existen-casos-de-covid-19-confirmados-en-su-planta","status":"publish","type":"post","link":"https:\/\/eldiariodesanpedro.com.ar\/sitio\/baradero-ingredion-informa-que-actualmente-no-existen-casos-de-covid-19-confirmados-en-su-planta\/","title":{"rendered":"BARADERO | Ingredion informa que actualmente no existen casos de COVID-19 confirmados en su planta"},"content":{"rendered":"<!-- VideographyWP Plugin Message: Automatic video embedding prevented by plugin options. -->\n\n<p>Debido a la existencia de informaci\u00f3n inexacta, la empresa comunica que treinta y cinco empleados mantienen licencia desde el inicio de la cuarentena, ya que pertenecen a grupos de riesgo seg\u00fan se estableci\u00f3 por decreto nacional.<\/p>\n\n\n\n<p>Adem\u00e1s, otros cuatro empleados se encuentran preventivamente aislados y est\u00e1n siendo evaluados en a trav\u00e9s del sistema de salud de la ciudad. Esta situaci\u00f3n se debe a que ellos pudieron haber tenido contacto estrecho con otros casos positivos o sospechosos.<\/p>\n\n\n\n<p>La compa\u00f1\u00eda mantiene un alto nivel de compromiso con la situaci\u00f3n actual y continuar\u00e1 trabajando para resguardar la integridad de los empleados y la actividad productiva de la planta, cumpliendo con todas las normas vigentes de salud, seguridad y higiene.<\/p>\n\n\n\n<p>Fuente: <a href=\"https:\/\/www.baraderoteinforma.com.ar\/ingredion-informa-que-actualmente-no-existen-casos-de-covid-19-confirmados-en-su-planta-ubicada-en-la-ciudad-de-baradero-provincia-de-buenos-aires\/\">Baradero Te Informa<\/a><\/p>\n","protected":false},"excerpt":{"rendered":"<p>Debido a la existencia de informaci\u00f3n inexacta, la empresa comunica que treinta y cinco empleados mantienen licencia desde el inicio de la cuarentena, ya que pertenecen a grupos de riesgo seg\u00fan se estableci\u00f3 por decreto nacional. Adem\u00e1s, otros cuatro empleados se encuentran preventivamente aislados y est\u00e1n siendo evaluados en a trav\u00e9s del sistema de salud [&hellip;]<\/p>\n","protected":false},"author":4,"featured_media":75575,"comment_status":"open","ping_status":"closed","sticky":false,"template":"","format":"standard","meta":{"om_disable_all_campaigns":false,"_jetpack_memberships_contains_paid_content":false,"footnotes":""},"categories":[621],"tags":[808,1480,681,934],"class_list":["post-75574","post","type-post","status-publish","format-standard","has-post-thumbnail","hentry","category-regionales","tag-coronavirus","tag-ingredion","tag-regionales","tag-sin-casos"],"aioseo_notices":[],"gutentor_comment":0,"jetpack_featured_media_url":"https:\/\/eldiariodesanpedro.com.ar\/sitio\/wp-content\/uploads\/2020\/06\/88217-640x480-1.jpg","jetpack_shortlink":"https:\/\/wp.me\/p6RhLt-jEW","jetpack_sharing_enabled":true,"_links":{"self":[{"href":"https:\/\/eldiariodesanpedro.com.ar\/sitio\/wp-json\/wp\/v2\/posts\/75574","targetHints":{"allow":["GET"]}}],"collection":[{"href":"https:\/\/eldiariodesanpedro.com.ar\/sitio\/wp-json\/wp\/v2\/posts"}],"about":[{"href":"https:\/\/eldiariodesanpedro.com.ar\/sitio\/wp-json\/wp\/v2\/types\/post"}],"author":[{"embeddable":true,"href":"https:\/\/eldiariodesanpedro.com.ar\/sitio\/wp-json\/wp\/v2\/users\/4"}],"replies":[{"embeddable":true,"href":"https:\/\/eldiariodesanpedro.com.ar\/sitio\/wp-json\/wp\/v2\/comments?post=75574"}],"version-history":[{"count":1,"href":"https:\/\/eldiariodesanpedro.com.ar\/sitio\/wp-json\/wp\/v2\/posts\/75574\/revisions"}],"predecessor-version":[{"id":75576,"href":"https:\/\/eldiariodesanpedro.com.ar\/sitio\/wp-json\/wp\/v2\/posts\/75574\/revisions\/75576"}],"wp:featuredmedia":[{"embeddable":true,"href":"https:\/\/eldiariodesanpedro.com.ar\/sitio\/wp-json\/wp\/v2\/media\/75575"}],"wp:attachment":[{"href":"https:\/\/eldiariodesanpedro.com.ar\/sitio\/wp-json\/wp\/v2\/media?parent=75574"}],"wp:term":[{"taxonomy":"category","embeddable":true,"href":"https:\/\/eldiariodesanpedro.com.ar\/sitio\/wp-json\/wp\/v2\/categories?post=75574"},{"taxonomy":"post_tag","embeddable":true,"href":"https:\/\/eldiariodesanpedro.com.ar\/sitio\/wp-json\/wp\/v2\/tags?post=75574"}],"curies":[{"name":"wp","href":"https:\/\/api.w.org\/{rel}","templated":true}]}}