{"id":7554,"date":"2016-08-28T18:51:40","date_gmt":"2016-08-28T21:51:40","guid":{"rendered":"https:\/\/eldiariodesanpedro.com.ar\/sitio\/?p=7554"},"modified":"2016-08-28T18:51:40","modified_gmt":"2016-08-28T21:51:40","slug":"robaron-la-bandera-del-boulevard-costanero","status":"publish","type":"post","link":"https:\/\/eldiariodesanpedro.com.ar\/sitio\/robaron-la-bandera-del-boulevard-costanero\/","title":{"rendered":"Robaron la bandera del boulevard costanero"},"content":{"rendered":"<p><!-- VideographyWP Plugin Message: Automatic video embedding prevented by plugin options. --><br \/>\nUna de las primeras cosas que realiz\u00f3 la actual gesti\u00f3n desde que asumi\u00f3 fue la puesta en valor de los espacios de p\u00fablicos. En ese entonces, tras muchos meses, se volvi\u00f3 a colocar la bandera argentina en el imponente m\u00e1stil que se encuentra en el boulevard costanero.<br \/>\nLo cierto es que en las \u00faltimas horas se pudo dar cuenta del faltante de la ense\u00f1a nacional. Se presupone que en la madrugada de este domingo, autores ignorados se tomaron el trabajo de bajarla y sustraerla.<br \/>\nLa deplorable actitud podr\u00eda ser definida como \u201cel pueblo se roba asimismo\u201d: llevarse el elemento que es de \u201ctodos\u201d llena de congoja seguramente a la mayor\u00eda de los vecinos que respetan los valores nacionales. Sin dudas, se trata de la actitud de alg\u00fan trasnochado que no ten\u00eda nada mejor que hacer. Ser\u00eda interesante que en un acto de nobleza sea devuelta.<\/p>\n","protected":false},"excerpt":{"rendered":"<p>Una de las primeras cosas que realiz\u00f3 la actual gesti\u00f3n desde que asumi\u00f3 fue la puesta en valor de los espacios de p\u00fablicos. En ese entonces, tras muchos meses, se volvi\u00f3 a colocar la bandera argentina en el imponente m\u00e1stil que se encuentra en el boulevard costanero. Lo cierto es que en las \u00faltimas horas [&hellip;]<\/p>\n","protected":false},"author":4,"featured_media":7555,"comment_status":"open","ping_status":"closed","sticky":false,"template":"","format":"standard","meta":{"om_disable_all_campaigns":false,"_jetpack_memberships_contains_paid_content":false,"footnotes":""},"categories":[2,103],"tags":[],"class_list":["post-7554","post","type-post","status-publish","format-standard","has-post-thumbnail","hentry","category-locales","category-policiales-locales"],"aioseo_notices":[],"gutentor_comment":0,"jetpack_featured_media_url":"https:\/\/eldiariodesanpedro.com.ar\/sitio\/wp-content\/uploads\/2016\/08\/PAGINA-3-01-2.jpg","jetpack_shortlink":"https:\/\/wp.me\/p6RhLt-1XQ","jetpack_sharing_enabled":true,"_links":{"self":[{"href":"https:\/\/eldiariodesanpedro.com.ar\/sitio\/wp-json\/wp\/v2\/posts\/7554","targetHints":{"allow":["GET"]}}],"collection":[{"href":"https:\/\/eldiariodesanpedro.com.ar\/sitio\/wp-json\/wp\/v2\/posts"}],"about":[{"href":"https:\/\/eldiariodesanpedro.com.ar\/sitio\/wp-json\/wp\/v2\/types\/post"}],"author":[{"embeddable":true,"href":"https:\/\/eldiariodesanpedro.com.ar\/sitio\/wp-json\/wp\/v2\/users\/4"}],"replies":[{"embeddable":true,"href":"https:\/\/eldiariodesanpedro.com.ar\/sitio\/wp-json\/wp\/v2\/comments?post=7554"}],"version-history":[{"count":1,"href":"https:\/\/eldiariodesanpedro.com.ar\/sitio\/wp-json\/wp\/v2\/posts\/7554\/revisions"}],"predecessor-version":[{"id":7556,"href":"https:\/\/eldiariodesanpedro.com.ar\/sitio\/wp-json\/wp\/v2\/posts\/7554\/revisions\/7556"}],"wp:featuredmedia":[{"embeddable":true,"href":"https:\/\/eldiariodesanpedro.com.ar\/sitio\/wp-json\/wp\/v2\/media\/7555"}],"wp:attachment":[{"href":"https:\/\/eldiariodesanpedro.com.ar\/sitio\/wp-json\/wp\/v2\/media?parent=7554"}],"wp:term":[{"taxonomy":"category","embeddable":true,"href":"https:\/\/eldiariodesanpedro.com.ar\/sitio\/wp-json\/wp\/v2\/categories?post=7554"},{"taxonomy":"post_tag","embeddable":true,"href":"https:\/\/eldiariodesanpedro.com.ar\/sitio\/wp-json\/wp\/v2\/tags?post=7554"}],"curies":[{"name":"wp","href":"https:\/\/api.w.org\/{rel}","templated":true}]}}