{"id":7551,"date":"2016-08-28T18:48:04","date_gmt":"2016-08-28T21:48:04","guid":{"rendered":"https:\/\/eldiariodesanpedro.com.ar\/sitio\/?p=7551"},"modified":"2016-08-28T18:48:04","modified_gmt":"2016-08-28T21:48:04","slug":"los-puntos-que-el-intendente-salazar-le-presentara-hoy-a-la-gobernadora","status":"publish","type":"post","link":"https:\/\/eldiariodesanpedro.com.ar\/sitio\/los-puntos-que-el-intendente-salazar-le-presentara-hoy-a-la-gobernadora\/","title":{"rendered":"Los puntos que el intendente Salazar le presentar\u00e1 hoy a la gobernadora"},"content":{"rendered":"<p><!-- VideographyWP Plugin Message: Automatic video embedding prevented by plugin options. --><br \/>\nVidal recibir\u00e1 hoy lunes al jefe comunal de San Pedro, tras la audiencia que hab\u00eda sido reprogramada semanas atr\u00e1s. El encuentro ser\u00e1 a partir de las 16.30.<br \/>\nEl intendente Salazar llevar\u00e1 una carpeta donde se desarrollar\u00e1n varios \u00edtems. Entre ellos, se encuentra la situaci\u00f3n econ\u00f3mica del Municipio, el Plan de Urbanizaci\u00f3n del norte de la ciudad de San Pedro y la iluminaci\u00f3n de la ruta 1001.<br \/>\nEn tanto, tambi\u00e9n el jefe comunal plantear\u00e1 la inclusi\u00f3n en el Presupuesto 2017 de la repavimentaci\u00f3n de la ruta 191, desde la 9 hasta la 8.<br \/>\nTambi\u00e9n llevar\u00e1 detalles de un plan hidr\u00e1ulico que permita que los sectores inundables de la ciudad no se vean damnificados con cada tormenta, y sobre la finalizaci\u00f3n de la obra de gas natural para Santa Luc\u00eda y Pueblo Doyle.<br \/>\nOtra de las preocupaciones es el dragado del puerto, que por el momento no se ha podido concretar y por lo que peligra la navegabilidad de los buques en la d\u00e1rsena local y su ingreso. Esto conlleva adem\u00e1s el peligro de la p\u00e9rdida de fuentes laborales si no se puede desarrollar la actividad en la zona.<br \/>\nAsimismo, otro de los puntos est\u00e1 destinado a la educaci\u00f3n y est\u00e1 ligado al proyecto educativo en el predio de Papel Prensa.<br \/>\nTambi\u00e9n se har\u00e1 la solicitud de ampliaci\u00f3n del fondo de inclusi\u00f3n social (FIS) y, por \u00faltimo, un tema no menor, ser\u00e1 el otorgamiento de la provincia de Buenos Aires de m\u00f3viles y equipamiento para la polic\u00eda.<\/p>\n","protected":false},"excerpt":{"rendered":"<p>Vidal recibir\u00e1 hoy lunes al jefe comunal de San Pedro, tras la audiencia que hab\u00eda sido reprogramada semanas atr\u00e1s. El encuentro ser\u00e1 a partir de las 16.30. El intendente Salazar llevar\u00e1 una carpeta donde se desarrollar\u00e1n varios \u00edtems. Entre ellos, se encuentra la situaci\u00f3n econ\u00f3mica del Municipio, el Plan de Urbanizaci\u00f3n del norte de la [&hellip;]<\/p>\n","protected":false},"author":4,"featured_media":7552,"comment_status":"open","ping_status":"closed","sticky":false,"template":"","format":"standard","meta":{"om_disable_all_campaigns":false,"_jetpack_memberships_contains_paid_content":false,"footnotes":""},"categories":[50,2,102],"tags":[],"class_list":["post-7551","post","type-post","status-publish","format-standard","has-post-thumbnail","hentry","category-destacadas","category-locales","category-politica-locales"],"aioseo_notices":[],"gutentor_comment":0,"jetpack_featured_media_url":"https:\/\/eldiariodesanpedro.com.ar\/sitio\/wp-content\/uploads\/2016\/08\/FOTO-TAPA-2.jpg","jetpack_shortlink":"https:\/\/wp.me\/p6RhLt-1XN","jetpack_sharing_enabled":true,"_links":{"self":[{"href":"https:\/\/eldiariodesanpedro.com.ar\/sitio\/wp-json\/wp\/v2\/posts\/7551","targetHints":{"allow":["GET"]}}],"collection":[{"href":"https:\/\/eldiariodesanpedro.com.ar\/sitio\/wp-json\/wp\/v2\/posts"}],"about":[{"href":"https:\/\/eldiariodesanpedro.com.ar\/sitio\/wp-json\/wp\/v2\/types\/post"}],"author":[{"embeddable":true,"href":"https:\/\/eldiariodesanpedro.com.ar\/sitio\/wp-json\/wp\/v2\/users\/4"}],"replies":[{"embeddable":true,"href":"https:\/\/eldiariodesanpedro.com.ar\/sitio\/wp-json\/wp\/v2\/comments?post=7551"}],"version-history":[{"count":1,"href":"https:\/\/eldiariodesanpedro.com.ar\/sitio\/wp-json\/wp\/v2\/posts\/7551\/revisions"}],"predecessor-version":[{"id":7553,"href":"https:\/\/eldiariodesanpedro.com.ar\/sitio\/wp-json\/wp\/v2\/posts\/7551\/revisions\/7553"}],"wp:featuredmedia":[{"embeddable":true,"href":"https:\/\/eldiariodesanpedro.com.ar\/sitio\/wp-json\/wp\/v2\/media\/7552"}],"wp:attachment":[{"href":"https:\/\/eldiariodesanpedro.com.ar\/sitio\/wp-json\/wp\/v2\/media?parent=7551"}],"wp:term":[{"taxonomy":"category","embeddable":true,"href":"https:\/\/eldiariodesanpedro.com.ar\/sitio\/wp-json\/wp\/v2\/categories?post=7551"},{"taxonomy":"post_tag","embeddable":true,"href":"https:\/\/eldiariodesanpedro.com.ar\/sitio\/wp-json\/wp\/v2\/tags?post=7551"}],"curies":[{"name":"wp","href":"https:\/\/api.w.org\/{rel}","templated":true}]}}