{"id":7548,"date":"2016-08-28T18:38:03","date_gmt":"2016-08-28T21:38:03","guid":{"rendered":"https:\/\/eldiariodesanpedro.com.ar\/sitio\/?p=7548"},"modified":"2016-08-28T18:38:03","modified_gmt":"2016-08-28T21:38:03","slug":"preocupacion-por-la-posibilidad-de-que-la-torre-de-senales-de-la-estacion-de-trenes-sea-destruida","status":"publish","type":"post","link":"https:\/\/eldiariodesanpedro.com.ar\/sitio\/preocupacion-por-la-posibilidad-de-que-la-torre-de-senales-de-la-estacion-de-trenes-sea-destruida\/","title":{"rendered":"Preocupaci\u00f3n por la posibilidad de que la Torre de Se\u00f1ales de la estaci\u00f3n de trenes sea destruida"},"content":{"rendered":"<p><!-- VideographyWP Plugin Message: Automatic video embedding prevented by plugin options. --><br \/>\nTrascendi\u00f3 en los \u00faltimos d\u00edas que, en el marco de los arreglos que se llevan a cabo en el predio de la estaci\u00f3n de trenes, la Torre de Se\u00f1ales iba a ser destruida. Ello prendi\u00f3 la alerta de todos aquellos que luchan por preservar el patrimonio cultural e hist\u00f3rico de la ciudad.<br \/>\nEn tanto que, paralelamente, las colectividades de la ciudad hab\u00edan pedido la posibilidad de poder restaurarla para usarla como sede, cosa que no se concret\u00f3.<br \/>\nEn ese sentido, a trav\u00e9s de su Facebook, Jos\u00e9 Luis Aguilar manifest\u00f3: \u201cUn amigo me acaba de pasar esta foto, cont\u00e1ndome lo que pasa: la quieren destruir. \u00bfSiempre la \u00fanica opci\u00f3n que se nos ocurre es destruir?\u201d, manifest\u00f3 el titular del Museo Paleontol\u00f3gico de San Pedro.<br \/>\nY luego agreg\u00f3: \u201cEn todo el mundo la idea es conservar el patrimonio arquitect\u00f3nico, cultural, hist\u00f3rico\u2026 \u00bfY a nosotros lo primero que se nos ocurre es destruir? En todo el mundo la l\u00f3gica actual es la de preservar para la cultura, el turismo, el conocimiento\u2026\u00bfY a nosotros lo primero que se nos ocurre es destruir?\u201d.<br \/>\nEn tanto que reflexion\u00f3: \u201cSi un italiano hubiera hecho un basural de esas hect\u00e1reas, hoy no habr\u00eda SUE\u00d1O DEL TANO.<br \/>\n\u201cSi la Armada hubiera hecho chatarra del buque, hoy no habr\u00eda BUQUE MUSEO.<br \/>\n\u201cSi ese hombre hubiera tirado todos esos residuos, no existir\u00eda la obra de Garc\u00eda Curten.<br \/>\n\u201cSi hubi\u00e9ramos dejado lleno de escombros el t\u00fanel de venteo de la Alcoholera, hoy no habr\u00eda PASEO DE LOS T\u00daNELES.<br \/>\n\u201cSi la familia Sp\u00f3sito no hubiera frenado sus m\u00e1quinas, hoy no habr\u00eda RESERVA PALEONTOL\u00d3GICA.<br \/>\n\u201cSi hubi\u00e9ramos demolido la vieja cantina en el Parque Hist\u00f3rico, hoy no habr\u00eda MUSEO DE LA BATALLA.<br \/>\n\u201cSi, Yoyi no pintara, no tendr\u00edamos ATELIER VILLAFUERTE.<br \/>\n\u201cSi se hubiera demolido la estaci\u00f3n de Castro, la localidad no tendr\u00eda su MUSEO AGROPECUARIO.<br \/>\n\u201cSi Pantera hubiera tirado el m\u00e1stil, ayer San Pedro no hubiera estado en los medios nacionales con una buena noticia.<br \/>\n\u201cSi ese escultor hubiera tirado todo ese hierro, hoy no tendr\u00edamos la colecci\u00f3n de JUANJO D\u2019EST\u00c9FANO.<br \/>\n\u201cSi Santa Luc\u00eda no hubiera juntado todos sus elementos hist\u00f3ricos, hoy no tendr\u00edamos el MUSEO DEL CENTENARIO.<br \/>\n\u201cSi no hubiera gente que recupera la historia, hoy no tendr\u00edamos MUSEO HIST\u00d3RICO.<br \/>\n\u201cSi no hubi\u00e9ramos reciclado ese caser\u00f3n, hoy no tendr\u00edamos un MUSEO PALEONTOL\u00d3GICO\u201d.<br \/>\n\u201c\u00bfY seguimos pensando que la primera soluci\u00f3n es DESTRUIR nuestro patrimonio cultural?<br \/>\nLas colectividades quieren ese espacio\u2026 \u00bfpor qu\u00e9 no se le busca la vuelta, la soluci\u00f3n y nos dejamos de ser unos tristes mediocres a quienes lo primero que se les ocurre es DESTRUIR, porque es menos trabajo que pensar en c\u00f3mo mejorarlo?\u201d.<\/p>\n","protected":false},"excerpt":{"rendered":"<p>Trascendi\u00f3 en los \u00faltimos d\u00edas que, en el marco de los arreglos que se llevan a cabo en el predio de la estaci\u00f3n de trenes, la Torre de Se\u00f1ales iba a ser destruida. Ello prendi\u00f3 la alerta de todos aquellos que luchan por preservar el patrimonio cultural e hist\u00f3rico de la ciudad. En tanto que, [&hellip;]<\/p>\n","protected":false},"author":4,"featured_media":7549,"comment_status":"open","ping_status":"closed","sticky":false,"template":"","format":"standard","meta":{"om_disable_all_campaigns":false,"_jetpack_memberships_contains_paid_content":false,"footnotes":""},"categories":[50,101,2],"tags":[],"class_list":["post-7548","post","type-post","status-publish","format-standard","has-post-thumbnail","hentry","category-destacadas","category-interes-general-locales","category-locales"],"aioseo_notices":[],"gutentor_comment":0,"jetpack_featured_media_url":"https:\/\/eldiariodesanpedro.com.ar\/sitio\/wp-content\/uploads\/2016\/08\/PAGINA-5-13.jpg","jetpack_shortlink":"https:\/\/wp.me\/p6RhLt-1XK","jetpack_sharing_enabled":true,"_links":{"self":[{"href":"https:\/\/eldiariodesanpedro.com.ar\/sitio\/wp-json\/wp\/v2\/posts\/7548","targetHints":{"allow":["GET"]}}],"collection":[{"href":"https:\/\/eldiariodesanpedro.com.ar\/sitio\/wp-json\/wp\/v2\/posts"}],"about":[{"href":"https:\/\/eldiariodesanpedro.com.ar\/sitio\/wp-json\/wp\/v2\/types\/post"}],"author":[{"embeddable":true,"href":"https:\/\/eldiariodesanpedro.com.ar\/sitio\/wp-json\/wp\/v2\/users\/4"}],"replies":[{"embeddable":true,"href":"https:\/\/eldiariodesanpedro.com.ar\/sitio\/wp-json\/wp\/v2\/comments?post=7548"}],"version-history":[{"count":1,"href":"https:\/\/eldiariodesanpedro.com.ar\/sitio\/wp-json\/wp\/v2\/posts\/7548\/revisions"}],"predecessor-version":[{"id":7550,"href":"https:\/\/eldiariodesanpedro.com.ar\/sitio\/wp-json\/wp\/v2\/posts\/7548\/revisions\/7550"}],"wp:featuredmedia":[{"embeddable":true,"href":"https:\/\/eldiariodesanpedro.com.ar\/sitio\/wp-json\/wp\/v2\/media\/7549"}],"wp:attachment":[{"href":"https:\/\/eldiariodesanpedro.com.ar\/sitio\/wp-json\/wp\/v2\/media?parent=7548"}],"wp:term":[{"taxonomy":"category","embeddable":true,"href":"https:\/\/eldiariodesanpedro.com.ar\/sitio\/wp-json\/wp\/v2\/categories?post=7548"},{"taxonomy":"post_tag","embeddable":true,"href":"https:\/\/eldiariodesanpedro.com.ar\/sitio\/wp-json\/wp\/v2\/tags?post=7548"}],"curies":[{"name":"wp","href":"https:\/\/api.w.org\/{rel}","templated":true}]}}