{"id":7545,"date":"2016-08-28T18:33:41","date_gmt":"2016-08-28T21:33:41","guid":{"rendered":"https:\/\/eldiariodesanpedro.com.ar\/sitio\/?p=7545"},"modified":"2016-08-28T18:33:41","modified_gmt":"2016-08-28T21:33:41","slug":"entrega-de-documento-que-denuncia-graves-falencias-en-la-secretaria-de-desarrollo-humano","status":"publish","type":"post","link":"https:\/\/eldiariodesanpedro.com.ar\/sitio\/entrega-de-documento-que-denuncia-graves-falencias-en-la-secretaria-de-desarrollo-humano\/","title":{"rendered":"Entrega de documento que denuncia \u00abgraves falencias\u00bb en la Secretar\u00eda de Desarrollo Humano"},"content":{"rendered":"<p><!-- VideographyWP Plugin Message: Automatic video embedding prevented by plugin options. --><br \/>\n12 integrantes del Movimiento de Mujeres Minerva Mirabal se hicieron presentes en la Secretar\u00eda de Desarrollo Humano, urgidas por la necesidad de entregar un documento en el que dan cuenta de las falencias detectadas en los distintos actores que deben intervenir al momento de dar atenci\u00f3n, contenci\u00f3n y respuesta a mujeres v\u00edctimas de violencia de g\u00e9nero.<br \/>\nEl movimiento se present\u00f3 luego de no haber podido concertar una entrevista en los meses previos, debido a la seguramente complicada agenda de la secretaria de Desarrollo Humano, Lic. Karina Chiarella, por lo que se decidi\u00f3 llegar a la cartera municipal y aguardar en el lugar hasta que el encuentro fuese posible.<br \/>\nPoco despu\u00e9s de una hora de espera, la Lic. Chiarella recibi\u00f3 a las integrantes del Movimiento Minerva Mirabal junto con otros integrantes de la Secretar\u00eda. Durante el encuentro, el Movimiento insisti\u00f3 en la necesidad de dar cumplimiento a los protocolos vigentes en materia de atenci\u00f3n de v\u00edctimas.<br \/>\nAsimismo, insisti\u00f3 en que, en caso de ser necesario, se denunciar\u00e1 a todos los profesionales de la Salud ante sus respectivos cuerpos colegiados, y a la Justicia, hasta alcanzar para cada una de las mujeres con derechos vulnerados de nuestro territorio un trato \u00e9tico, justo, humanitario, en clave de promoci\u00f3n de la salud y en el marco de los Derechos Humanos, tal como se indica en el documento que le fue entregado en mano a la secretaria de Desarrollo Humano.<br \/>\nFinalizada la reuni\u00f3n, el Movimiento de Mujeres se dirigi\u00f3 a la Municipalidad para hacerle entrega de una copia de la nota al intendente Cecilio Salazar. La recibi\u00f3 en su nombre el secretario Privado y de Prensa, Jonathan Galv\u00e1n, ya que el jefe comunal se encontraba imposibilitado de recibir a las integrantes del espacio.<\/p>\n","protected":false},"excerpt":{"rendered":"<p>12 integrantes del Movimiento de Mujeres Minerva Mirabal se hicieron presentes en la Secretar\u00eda de Desarrollo Humano, urgidas por la necesidad de entregar un documento en el que dan cuenta de las falencias detectadas en los distintos actores que deben intervenir al momento de dar atenci\u00f3n, contenci\u00f3n y respuesta a mujeres v\u00edctimas de violencia de [&hellip;]<\/p>\n","protected":false},"author":4,"featured_media":7546,"comment_status":"open","ping_status":"closed","sticky":false,"template":"","format":"standard","meta":{"om_disable_all_campaigns":false,"_jetpack_memberships_contains_paid_content":false,"footnotes":""},"categories":[101,2],"tags":[],"class_list":["post-7545","post","type-post","status-publish","format-standard","has-post-thumbnail","hentry","category-interes-general-locales","category-locales"],"aioseo_notices":[],"gutentor_comment":0,"jetpack_featured_media_url":"https:\/\/eldiariodesanpedro.com.ar\/sitio\/wp-content\/uploads\/2016\/08\/reunion_mmmm.jpg","jetpack_shortlink":"https:\/\/wp.me\/p6RhLt-1XH","jetpack_sharing_enabled":true,"_links":{"self":[{"href":"https:\/\/eldiariodesanpedro.com.ar\/sitio\/wp-json\/wp\/v2\/posts\/7545","targetHints":{"allow":["GET"]}}],"collection":[{"href":"https:\/\/eldiariodesanpedro.com.ar\/sitio\/wp-json\/wp\/v2\/posts"}],"about":[{"href":"https:\/\/eldiariodesanpedro.com.ar\/sitio\/wp-json\/wp\/v2\/types\/post"}],"author":[{"embeddable":true,"href":"https:\/\/eldiariodesanpedro.com.ar\/sitio\/wp-json\/wp\/v2\/users\/4"}],"replies":[{"embeddable":true,"href":"https:\/\/eldiariodesanpedro.com.ar\/sitio\/wp-json\/wp\/v2\/comments?post=7545"}],"version-history":[{"count":1,"href":"https:\/\/eldiariodesanpedro.com.ar\/sitio\/wp-json\/wp\/v2\/posts\/7545\/revisions"}],"predecessor-version":[{"id":7547,"href":"https:\/\/eldiariodesanpedro.com.ar\/sitio\/wp-json\/wp\/v2\/posts\/7545\/revisions\/7547"}],"wp:featuredmedia":[{"embeddable":true,"href":"https:\/\/eldiariodesanpedro.com.ar\/sitio\/wp-json\/wp\/v2\/media\/7546"}],"wp:attachment":[{"href":"https:\/\/eldiariodesanpedro.com.ar\/sitio\/wp-json\/wp\/v2\/media?parent=7545"}],"wp:term":[{"taxonomy":"category","embeddable":true,"href":"https:\/\/eldiariodesanpedro.com.ar\/sitio\/wp-json\/wp\/v2\/categories?post=7545"},{"taxonomy":"post_tag","embeddable":true,"href":"https:\/\/eldiariodesanpedro.com.ar\/sitio\/wp-json\/wp\/v2\/tags?post=7545"}],"curies":[{"name":"wp","href":"https:\/\/api.w.org\/{rel}","templated":true}]}}