{"id":7540,"date":"2016-08-28T18:25:19","date_gmt":"2016-08-28T21:25:19","guid":{"rendered":"https:\/\/eldiariodesanpedro.com.ar\/sitio\/?p=7540"},"modified":"2016-08-28T18:25:19","modified_gmt":"2016-08-28T21:25:19","slug":"la-reparacion-historica-sigue-en-marcha","status":"publish","type":"post","link":"https:\/\/eldiariodesanpedro.com.ar\/sitio\/la-reparacion-historica-sigue-en-marcha\/","title":{"rendered":"La Reparaci\u00f3n Hist\u00f3rica sigue en marcha"},"content":{"rendered":"<p><!-- VideographyWP Plugin Message: Automatic video embedding prevented by plugin options. --><br \/>\nLa ANSES inform\u00f3 a jubilados y pensionados que la implementaci\u00f3n del Programa de Reparaci\u00f3n Hist\u00f3rica sigue en marcha en todo el pa\u00eds. Desde el jueves podr\u00e1n consultar en la secci\u00f3n Mi ANSES de la web, www.anses.gob.ar, cu\u00e1nto les corresponde por el reajuste del haber, as\u00ed como el monto por retroactivo, en los casos en los que correspondiera.<br \/>\nCon respecto a la medida cautelar dispuesta por el Juez de Primera Instancia, Juan Fantini, contra el Programa de Reparaci\u00f3n Hist\u00f3rica que busca recomponer el haber a m\u00e1s de 2 millones de jubilados y pensionados, la ANSES inform\u00f3 que a partir de la recepci\u00f3n de la notificaci\u00f3n el organismo previsional apelar\u00e1 la medida para lograr por v\u00eda judicial revertir esta decisi\u00f3n que afecta los intereses de millones de jubilados.<br \/>\nAsimismo, el organismo record\u00f3 que el Programa de Reparaci\u00f3n Hist\u00f3rica, que impulsa el Poder Ejecutivo Nacional por medio de la ANSES, cont\u00f3 con el apoyo de m\u00e1s del 80% de los diputados y senadores del Congreso Nacional, pertenecientes a las bancadas de la gran mayor\u00eda de los partidos pol\u00edticos.<br \/>\nAsimismo, la ANSES recuerda que hoy, 29 de agosto, cobran los jubilados y pensionados cuyos haberes superan los $5634 y sus documentos terminan en 8 y 9 y los titulares de la Prestaci\u00f3n por Desempleo \u2013Plan 1\u2013 cuyos documentos terminan en 4 y 5. Los calendarios de pagos de todas las prestaciones pueden consultarse en www.anses.gob.ar.<\/p>\n","protected":false},"excerpt":{"rendered":"<p>La ANSES inform\u00f3 a jubilados y pensionados que la implementaci\u00f3n del Programa de Reparaci\u00f3n Hist\u00f3rica sigue en marcha en todo el pa\u00eds. Desde el jueves podr\u00e1n consultar en la secci\u00f3n Mi ANSES de la web, www.anses.gob.ar, cu\u00e1nto les corresponde por el reajuste del haber, as\u00ed como el monto por retroactivo, en los casos en los [&hellip;]<\/p>\n","protected":false},"author":4,"featured_media":3392,"comment_status":"open","ping_status":"closed","sticky":false,"template":"","format":"standard","meta":{"om_disable_all_campaigns":false,"_jetpack_memberships_contains_paid_content":false,"footnotes":""},"categories":[101,2],"tags":[],"class_list":["post-7540","post","type-post","status-publish","format-standard","has-post-thumbnail","hentry","category-interes-general-locales","category-locales"],"aioseo_notices":[],"gutentor_comment":0,"jetpack_featured_media_url":"https:\/\/eldiariodesanpedro.com.ar\/sitio\/wp-content\/uploads\/2016\/04\/MAT7-ANSES2.jpg","jetpack_shortlink":"https:\/\/wp.me\/p6RhLt-1XC","jetpack_sharing_enabled":true,"_links":{"self":[{"href":"https:\/\/eldiariodesanpedro.com.ar\/sitio\/wp-json\/wp\/v2\/posts\/7540","targetHints":{"allow":["GET"]}}],"collection":[{"href":"https:\/\/eldiariodesanpedro.com.ar\/sitio\/wp-json\/wp\/v2\/posts"}],"about":[{"href":"https:\/\/eldiariodesanpedro.com.ar\/sitio\/wp-json\/wp\/v2\/types\/post"}],"author":[{"embeddable":true,"href":"https:\/\/eldiariodesanpedro.com.ar\/sitio\/wp-json\/wp\/v2\/users\/4"}],"replies":[{"embeddable":true,"href":"https:\/\/eldiariodesanpedro.com.ar\/sitio\/wp-json\/wp\/v2\/comments?post=7540"}],"version-history":[{"count":1,"href":"https:\/\/eldiariodesanpedro.com.ar\/sitio\/wp-json\/wp\/v2\/posts\/7540\/revisions"}],"predecessor-version":[{"id":7541,"href":"https:\/\/eldiariodesanpedro.com.ar\/sitio\/wp-json\/wp\/v2\/posts\/7540\/revisions\/7541"}],"wp:featuredmedia":[{"embeddable":true,"href":"https:\/\/eldiariodesanpedro.com.ar\/sitio\/wp-json\/wp\/v2\/media\/3392"}],"wp:attachment":[{"href":"https:\/\/eldiariodesanpedro.com.ar\/sitio\/wp-json\/wp\/v2\/media?parent=7540"}],"wp:term":[{"taxonomy":"category","embeddable":true,"href":"https:\/\/eldiariodesanpedro.com.ar\/sitio\/wp-json\/wp\/v2\/categories?post=7540"},{"taxonomy":"post_tag","embeddable":true,"href":"https:\/\/eldiariodesanpedro.com.ar\/sitio\/wp-json\/wp\/v2\/tags?post=7540"}],"curies":[{"name":"wp","href":"https:\/\/api.w.org\/{rel}","templated":true}]}}