{"id":75373,"date":"2020-06-09T10:20:14","date_gmt":"2020-06-09T13:20:14","guid":{"rendered":"https:\/\/eldiariodesanpedro.com.ar\/sitio\/?p=75373"},"modified":"2020-06-09T10:20:18","modified_gmt":"2020-06-09T13:20:18","slug":"un-hombre-detenido-por-un-hecho-de-abuso-sexual-agravado-con-acceso-carnal","status":"publish","type":"post","link":"https:\/\/eldiariodesanpedro.com.ar\/sitio\/un-hombre-detenido-por-un-hecho-de-abuso-sexual-agravado-con-acceso-carnal\/","title":{"rendered":"Un hombre detenido por un hecho de abuso sexual agravado con acceso carnal"},"content":{"rendered":"<!-- VideographyWP Plugin Message: Automatic video embedding prevented by plugin options. -->\n\n<p>Luego de averiguaciones realizadas por parte del GTO perteneciente a la comisar\u00eda local se dio con el paradero de una persona sobre la que pesaba un pedido de detenci\u00f3n.<\/p>\n\n\n\n<p>En la noche de este lunes el personal del Gabinete Criminol\u00f3gico de la municipalidad junto al GTO realizaron un allanamiento en una vivienda ubicada en en la bajada de Puerto Poste 29 donde tras corta persecuci\u00f3n a pie, previo avistarlo, logra detener a un sujeto masculino de 37 a\u00f1os de edad, pr\u00f3fugo de la justicia y sobre quien pesaba orden de detenci\u00f3n y captura por orden judicial por delito de \u201cAbuso Sexual con Acceso carnal agravado\u201d extendido por el Juzgado de Garant\u00edas N\u00ba 1 de San Nicol\u00e1s.<\/p>\n\n\n\n<p>El hecho fue oportunamente denunciado en la Comisar\u00eda de la mujer alrededor de hace un a\u00f1o, tras investigaciones pertinentes por parte de la fiscal\u00eda y tareas de pericias sobre la v\u00edctima un a\u00f1o desp\u00f9es de sucedido el hecho fue logrado su detenci\u00f3n.<\/p>\n","protected":false},"excerpt":{"rendered":"<p>Luego de averiguaciones realizadas por parte del GTO perteneciente a la comisar\u00eda local se dio con el paradero de una persona sobre la que pesaba un pedido de detenci\u00f3n. En la noche de este lunes el personal del Gabinete Criminol\u00f3gico de la municipalidad junto al GTO realizaron un allanamiento en una vivienda ubicada en en [&hellip;]<\/p>\n","protected":false},"author":4,"featured_media":75374,"comment_status":"open","ping_status":"closed","sticky":false,"template":"","format":"standard","meta":{"om_disable_all_campaigns":false,"_jetpack_memberships_contains_paid_content":false,"footnotes":""},"categories":[50,101,2],"tags":[197,26,33],"class_list":["post-75373","post","type-post","status-publish","format-standard","has-post-thumbnail","hentry","category-destacadas","category-interes-general-locales","category-locales","tag-buenos-aires","tag-detenido","tag-locales"],"aioseo_notices":[],"gutentor_comment":0,"jetpack_featured_media_url":"https:\/\/eldiariodesanpedro.com.ar\/sitio\/wp-content\/uploads\/2020\/06\/WhatsApp-Image-2020-06-09-at-09.46.49.jpeg","jetpack_shortlink":"https:\/\/wp.me\/p6RhLt-jBH","jetpack_sharing_enabled":true,"_links":{"self":[{"href":"https:\/\/eldiariodesanpedro.com.ar\/sitio\/wp-json\/wp\/v2\/posts\/75373","targetHints":{"allow":["GET"]}}],"collection":[{"href":"https:\/\/eldiariodesanpedro.com.ar\/sitio\/wp-json\/wp\/v2\/posts"}],"about":[{"href":"https:\/\/eldiariodesanpedro.com.ar\/sitio\/wp-json\/wp\/v2\/types\/post"}],"author":[{"embeddable":true,"href":"https:\/\/eldiariodesanpedro.com.ar\/sitio\/wp-json\/wp\/v2\/users\/4"}],"replies":[{"embeddable":true,"href":"https:\/\/eldiariodesanpedro.com.ar\/sitio\/wp-json\/wp\/v2\/comments?post=75373"}],"version-history":[{"count":1,"href":"https:\/\/eldiariodesanpedro.com.ar\/sitio\/wp-json\/wp\/v2\/posts\/75373\/revisions"}],"predecessor-version":[{"id":75376,"href":"https:\/\/eldiariodesanpedro.com.ar\/sitio\/wp-json\/wp\/v2\/posts\/75373\/revisions\/75376"}],"wp:featuredmedia":[{"embeddable":true,"href":"https:\/\/eldiariodesanpedro.com.ar\/sitio\/wp-json\/wp\/v2\/media\/75374"}],"wp:attachment":[{"href":"https:\/\/eldiariodesanpedro.com.ar\/sitio\/wp-json\/wp\/v2\/media?parent=75373"}],"wp:term":[{"taxonomy":"category","embeddable":true,"href":"https:\/\/eldiariodesanpedro.com.ar\/sitio\/wp-json\/wp\/v2\/categories?post=75373"},{"taxonomy":"post_tag","embeddable":true,"href":"https:\/\/eldiariodesanpedro.com.ar\/sitio\/wp-json\/wp\/v2\/tags?post=75373"}],"curies":[{"name":"wp","href":"https:\/\/api.w.org\/{rel}","templated":true}]}}