{"id":7537,"date":"2016-08-28T18:22:04","date_gmt":"2016-08-28T21:22:04","guid":{"rendered":"https:\/\/eldiariodesanpedro.com.ar\/sitio\/?p=7537"},"modified":"2016-08-28T18:22:04","modified_gmt":"2016-08-28T21:22:04","slug":"nuevo-taller-de-creando-conciencia","status":"publish","type":"post","link":"https:\/\/eldiariodesanpedro.com.ar\/sitio\/nuevo-taller-de-creando-conciencia\/","title":{"rendered":"Nuevo taller de Creando Conciencia"},"content":{"rendered":"<p><!-- VideographyWP Plugin Message: Automatic video embedding prevented by plugin options. --><br \/>\nEl pr\u00f3ximo mi\u00e9rcoles 31 de agosto, a las 10.00, se llevar\u00e1 a cabo un taller de nutrici\u00f3n para diab\u00e9ticos: \u00abElaborando mi propio men\u00fa\u00bb, en el marco del Programa Creando Conciencia.<br \/>\nEl mismo estar\u00e1 a cargo de la Lic. Mariana Richelli y Carolina Prego en las instalaciones del Centro Integrador Comunitario (CIC), ubicado en H. Indio y Casella.<br \/>\nLuego a las 11.00, se brindar\u00e1 a los presentes una clase de gimnasia por parte de profesores de la Direcci\u00f3n de Deportes.<\/p>\n","protected":false},"excerpt":{"rendered":"<p>El pr\u00f3ximo mi\u00e9rcoles 31 de agosto, a las 10.00, se llevar\u00e1 a cabo un taller de nutrici\u00f3n para diab\u00e9ticos: \u00abElaborando mi propio men\u00fa\u00bb, en el marco del Programa Creando Conciencia. El mismo estar\u00e1 a cargo de la Lic. Mariana Richelli y Carolina Prego en las instalaciones del Centro Integrador Comunitario (CIC), ubicado en H. Indio [&hellip;]<\/p>\n","protected":false},"author":4,"featured_media":7538,"comment_status":"open","ping_status":"closed","sticky":false,"template":"","format":"standard","meta":{"om_disable_all_campaigns":false,"_jetpack_memberships_contains_paid_content":false,"footnotes":""},"categories":[101,2],"tags":[],"class_list":["post-7537","post","type-post","status-publish","format-standard","has-post-thumbnail","hentry","category-interes-general-locales","category-locales"],"aioseo_notices":[],"gutentor_comment":0,"jetpack_featured_media_url":"https:\/\/eldiariodesanpedro.com.ar\/sitio\/wp-content\/uploads\/2016\/08\/diabetes.jpg","jetpack_shortlink":"https:\/\/wp.me\/p6RhLt-1Xz","jetpack_sharing_enabled":true,"_links":{"self":[{"href":"https:\/\/eldiariodesanpedro.com.ar\/sitio\/wp-json\/wp\/v2\/posts\/7537","targetHints":{"allow":["GET"]}}],"collection":[{"href":"https:\/\/eldiariodesanpedro.com.ar\/sitio\/wp-json\/wp\/v2\/posts"}],"about":[{"href":"https:\/\/eldiariodesanpedro.com.ar\/sitio\/wp-json\/wp\/v2\/types\/post"}],"author":[{"embeddable":true,"href":"https:\/\/eldiariodesanpedro.com.ar\/sitio\/wp-json\/wp\/v2\/users\/4"}],"replies":[{"embeddable":true,"href":"https:\/\/eldiariodesanpedro.com.ar\/sitio\/wp-json\/wp\/v2\/comments?post=7537"}],"version-history":[{"count":1,"href":"https:\/\/eldiariodesanpedro.com.ar\/sitio\/wp-json\/wp\/v2\/posts\/7537\/revisions"}],"predecessor-version":[{"id":7539,"href":"https:\/\/eldiariodesanpedro.com.ar\/sitio\/wp-json\/wp\/v2\/posts\/7537\/revisions\/7539"}],"wp:featuredmedia":[{"embeddable":true,"href":"https:\/\/eldiariodesanpedro.com.ar\/sitio\/wp-json\/wp\/v2\/media\/7538"}],"wp:attachment":[{"href":"https:\/\/eldiariodesanpedro.com.ar\/sitio\/wp-json\/wp\/v2\/media?parent=7537"}],"wp:term":[{"taxonomy":"category","embeddable":true,"href":"https:\/\/eldiariodesanpedro.com.ar\/sitio\/wp-json\/wp\/v2\/categories?post=7537"},{"taxonomy":"post_tag","embeddable":true,"href":"https:\/\/eldiariodesanpedro.com.ar\/sitio\/wp-json\/wp\/v2\/tags?post=7537"}],"curies":[{"name":"wp","href":"https:\/\/api.w.org\/{rel}","templated":true}]}}