{"id":75367,"date":"2020-06-09T10:03:43","date_gmt":"2020-06-09T13:03:43","guid":{"rendered":"https:\/\/eldiariodesanpedro.com.ar\/sitio\/?p=75367"},"modified":"2020-06-09T10:03:46","modified_gmt":"2020-06-09T13:03:46","slug":"quedate-en-casa-y-ellos-se-quedan-con-vicentin","status":"publish","type":"post","link":"https:\/\/eldiariodesanpedro.com.ar\/sitio\/quedate-en-casa-y-ellos-se-quedan-con-vicentin\/","title":{"rendered":"Qu\u00e9date en casa y  ellos se quedan con Vicentin"},"content":{"rendered":"<!-- VideographyWP Plugin Message: Automatic video embedding prevented by plugin options. -->\n\n<p>La Sociedad Rural de San Pedro emiti\u00f3 un comunicado referente a la expropiaci\u00f3n de la empresa Vicentin.<\/p>\n\n\n\n<p>\u00abLos argentinos estamos asistiendo a otro momento hist\u00f3rico. Lamentablemente la pandemia de Coronavirus que se ha enfrentado con decisi\u00f3n, y ha colocado a la sociedad ante la inc\u00f3moda posici\u00f3n de tener que aceptar todo sin poder oponer la m\u00e1s m\u00ednima duda ante todo dispuesto e impuesto, se encuentra ahora m\u00e1s agrietada que nunca y se consolida un camino en el que los efectos colaterales del Covid-19 empiezan a provocar los s\u00edntomas que, lamentablemente muchos sospech\u00e1bamos.<\/p>\n\n\n\n<p>Hay un problema sanitario, en toda la humanidad. Nadie puede negarlo. Pero transcurridos los primeros meses de del aislamiento, la fase que viene, trae consigo otras recetas en las que rigen los manuales de quienes&nbsp;<em>\u00abinfectaron a nuestro pa\u00eds durante una d\u00e9cada\u00bb<\/em>&nbsp;y empiezan a encontrar el mejor escenario para avanzar a paso redoblado.&nbsp;<\/p>\n\n\n\n<p>El Presidente Alberto Fern\u00e1ndez, erigido en un \u00abSuperman Nacional y Popular\u00bb que nos dice que hagamos lo que \u00e9l no hace, anunci\u00f3 con gran alegr\u00eda la presentaci\u00f3n de un proyecto para expropiar la empresa privada Vicent\u00edn.<\/p>\n\n\n\n<p>Estamos en el fondo del mar. Todos los n\u00fameros de la Argentina son alarmantes. El gobierno emite desenfrenadamente mientras la mayor\u00eda de las peque\u00f1as empresas no puede pagar sueldos y los trabajadores de clase media, no pueden trabajar o cobrar.&nbsp;<\/p>\n\n\n\n<p>Consideramos este anuncio, un flagrante acto de irresponsabilidad que no puede mantenernos callados, otra vez. En un pa\u00eds democr\u00e1tico una expropiaci\u00f3n no tiene sentido y menos a\u00fan cuando est\u00e1 en marcha proceso preventivo en el que el propio Estado a trav\u00e9s del Banco Naci\u00f3n es un acreedor m\u00e1s.<\/p>\n\n\n\n<p>Hay otras ofertas y otros caminos para salvar a Vicent\u00edn, pero el gobierno ha encontrado en el eslogan de la \u00abSoberan\u00eda Alimentaria\u00bb, una excusa perfecta. No aparecieron con la misma rapidez, para expropiar las empresas de Crist\u00f3bal L\u00f3pez, que tambi\u00e9n pusieron en jaque a familias enteras de trabajadores con una enorme deuda hacia el Estado.<\/p>\n\n\n\n<p>La foto hacia el Mundo no puede ser peor: un Estado quebrado que no puede resolver su propia quiebra intentando arreglar con recursos que no tiene, un negocio que requiere centenares de millones de d\u00f3lares s\u00f3lo como capital de trabajo y varios m\u00e1s para estructura.&nbsp;<\/p>\n\n\n\n<p>El Congreso de la Naci\u00f3n deber\u00eda exponer con argumentos y libertad las razones para que esto no avance, pero lamentablemente, los antecedentes nos hacen ser desconfiados ante cualquier chance de que \u00e9sto suceda.&nbsp;<\/p>\n\n\n\n<p><strong>Se ve\u00eda venir, se sent\u00eda y se activa el protocolo de la \u00abBolivarizaci\u00f3n\u00bb, con velocidad y atropello. Es uno de los primeros golpes estrat\u00e9gicos de un gobierno para el que el esfuerzo privado es despreciable. Lamentablemente, continuar\u00e1&#8230;\u00bb\u00a0<\/strong><\/p>\n\n\n\n<figure class=\"wp-block-image size-large\"><img decoding=\"async\" width=\"838\" height=\"838\" data-attachment-id=\"75369\" data-permalink=\"https:\/\/eldiariodesanpedro.com.ar\/sitio\/quedate-en-casa-y-ellos-se-quedan-con-vicentin\/vicentin2\/\" data-orig-file=\"https:\/\/eldiariodesanpedro.com.ar\/sitio\/wp-content\/uploads\/2020\/06\/VICENTIN2.jpg\" data-orig-size=\"838,838\" data-comments-opened=\"1\" data-image-meta=\"{&quot;aperture&quot;:&quot;0&quot;,&quot;credit&quot;:&quot;&quot;,&quot;camera&quot;:&quot;&quot;,&quot;caption&quot;:&quot;&quot;,&quot;created_timestamp&quot;:&quot;0&quot;,&quot;copyright&quot;:&quot;&quot;,&quot;focal_length&quot;:&quot;0&quot;,&quot;iso&quot;:&quot;0&quot;,&quot;shutter_speed&quot;:&quot;0&quot;,&quot;title&quot;:&quot;&quot;,&quot;orientation&quot;:&quot;0&quot;}\" data-image-title=\"VICENTIN2\" data-image-description=\"\" data-image-caption=\"\" data-large-file=\"https:\/\/eldiariodesanpedro.com.ar\/sitio\/wp-content\/uploads\/2020\/06\/VICENTIN2.jpg\" data-src=\"https:\/\/eldiariodesanpedro.com.ar\/sitio\/wp-content\/uploads\/2020\/06\/VICENTIN2.jpg\" alt=\"\" class=\"wp-image-75369 lazyload\" data-srcset=\"https:\/\/eldiariodesanpedro.com.ar\/sitio\/wp-content\/uploads\/2020\/06\/VICENTIN2.jpg 838w, https:\/\/eldiariodesanpedro.com.ar\/sitio\/wp-content\/uploads\/2020\/06\/VICENTIN2-300x300.jpg 300w, https:\/\/eldiariodesanpedro.com.ar\/sitio\/wp-content\/uploads\/2020\/06\/VICENTIN2-150x150.jpg 150w, https:\/\/eldiariodesanpedro.com.ar\/sitio\/wp-content\/uploads\/2020\/06\/VICENTIN2-768x768.jpg 768w\" data-sizes=\"(max-width: 838px) 100vw, 838px\" src=\"data:image\/svg+xml;base64,PHN2ZyB3aWR0aD0iMSIgaGVpZ2h0PSIxIiB4bWxucz0iaHR0cDovL3d3dy53My5vcmcvMjAwMC9zdmciPjwvc3ZnPg==\" style=\"--smush-placeholder-width: 838px; --smush-placeholder-aspect-ratio: 838\/838;\" \/><\/figure>\n\n\n\n<figure class=\"wp-block-image size-large\"><img decoding=\"async\" width=\"1024\" height=\"730\" data-attachment-id=\"75368\" data-permalink=\"https:\/\/eldiariodesanpedro.com.ar\/sitio\/quedate-en-casa-y-ellos-se-quedan-con-vicentin\/vicentin1\/\" data-orig-file=\"https:\/\/eldiariodesanpedro.com.ar\/sitio\/wp-content\/uploads\/2020\/06\/VICENTIN1.jpg\" data-orig-size=\"1024,730\" data-comments-opened=\"1\" data-image-meta=\"{&quot;aperture&quot;:&quot;0&quot;,&quot;credit&quot;:&quot;&quot;,&quot;camera&quot;:&quot;&quot;,&quot;caption&quot;:&quot;&quot;,&quot;created_timestamp&quot;:&quot;0&quot;,&quot;copyright&quot;:&quot;&quot;,&quot;focal_length&quot;:&quot;0&quot;,&quot;iso&quot;:&quot;0&quot;,&quot;shutter_speed&quot;:&quot;0&quot;,&quot;title&quot;:&quot;&quot;,&quot;orientation&quot;:&quot;0&quot;}\" data-image-title=\"VICENTIN1\" data-image-description=\"\" data-image-caption=\"\" data-large-file=\"https:\/\/eldiariodesanpedro.com.ar\/sitio\/wp-content\/uploads\/2020\/06\/VICENTIN1.jpg\" data-src=\"https:\/\/eldiariodesanpedro.com.ar\/sitio\/wp-content\/uploads\/2020\/06\/VICENTIN1.jpg\" alt=\"\" class=\"wp-image-75368 lazyload\" data-srcset=\"https:\/\/eldiariodesanpedro.com.ar\/sitio\/wp-content\/uploads\/2020\/06\/VICENTIN1.jpg 1024w, https:\/\/eldiariodesanpedro.com.ar\/sitio\/wp-content\/uploads\/2020\/06\/VICENTIN1-300x214.jpg 300w, https:\/\/eldiariodesanpedro.com.ar\/sitio\/wp-content\/uploads\/2020\/06\/VICENTIN1-768x548.jpg 768w\" data-sizes=\"(max-width: 1024px) 100vw, 1024px\" src=\"data:image\/svg+xml;base64,PHN2ZyB3aWR0aD0iMSIgaGVpZ2h0PSIxIiB4bWxucz0iaHR0cDovL3d3dy53My5vcmcvMjAwMC9zdmciPjwvc3ZnPg==\" style=\"--smush-placeholder-width: 1024px; --smush-placeholder-aspect-ratio: 1024\/730;\" \/><\/figure>\n","protected":false},"excerpt":{"rendered":"<p>La Sociedad Rural de San Pedro emiti\u00f3 un comunicado referente a la expropiaci\u00f3n de la empresa Vicentin. \u00abLos argentinos estamos asistiendo a otro momento hist\u00f3rico. Lamentablemente la pandemia de Coronavirus que se ha enfrentado con decisi\u00f3n, y ha colocado a la sociedad ante la inc\u00f3moda posici\u00f3n de tener que aceptar todo sin poder oponer la [&hellip;]<\/p>\n","protected":false},"author":4,"featured_media":75371,"comment_status":"open","ping_status":"closed","sticky":false,"template":"","format":"standard","meta":{"om_disable_all_campaigns":false,"_jetpack_memberships_contains_paid_content":false,"footnotes":""},"categories":[101,2],"tags":[197,1431,1433],"class_list":["post-75367","post","type-post","status-publish","format-standard","has-post-thumbnail","hentry","category-interes-general-locales","category-locales","tag-buenos-aires","tag-sociedad-rural","tag-vicentin"],"aioseo_notices":[],"gutentor_comment":0,"jetpack_featured_media_url":"https:\/\/eldiariodesanpedro.com.ar\/sitio\/wp-content\/uploads\/2020\/06\/Asamblea-Rural-2019-4.jpeg","jetpack_shortlink":"https:\/\/wp.me\/p6RhLt-jBB","jetpack_sharing_enabled":true,"_links":{"self":[{"href":"https:\/\/eldiariodesanpedro.com.ar\/sitio\/wp-json\/wp\/v2\/posts\/75367","targetHints":{"allow":["GET"]}}],"collection":[{"href":"https:\/\/eldiariodesanpedro.com.ar\/sitio\/wp-json\/wp\/v2\/posts"}],"about":[{"href":"https:\/\/eldiariodesanpedro.com.ar\/sitio\/wp-json\/wp\/v2\/types\/post"}],"author":[{"embeddable":true,"href":"https:\/\/eldiariodesanpedro.com.ar\/sitio\/wp-json\/wp\/v2\/users\/4"}],"replies":[{"embeddable":true,"href":"https:\/\/eldiariodesanpedro.com.ar\/sitio\/wp-json\/wp\/v2\/comments?post=75367"}],"version-history":[{"count":1,"href":"https:\/\/eldiariodesanpedro.com.ar\/sitio\/wp-json\/wp\/v2\/posts\/75367\/revisions"}],"predecessor-version":[{"id":75372,"href":"https:\/\/eldiariodesanpedro.com.ar\/sitio\/wp-json\/wp\/v2\/posts\/75367\/revisions\/75372"}],"wp:featuredmedia":[{"embeddable":true,"href":"https:\/\/eldiariodesanpedro.com.ar\/sitio\/wp-json\/wp\/v2\/media\/75371"}],"wp:attachment":[{"href":"https:\/\/eldiariodesanpedro.com.ar\/sitio\/wp-json\/wp\/v2\/media?parent=75367"}],"wp:term":[{"taxonomy":"category","embeddable":true,"href":"https:\/\/eldiariodesanpedro.com.ar\/sitio\/wp-json\/wp\/v2\/categories?post=75367"},{"taxonomy":"post_tag","embeddable":true,"href":"https:\/\/eldiariodesanpedro.com.ar\/sitio\/wp-json\/wp\/v2\/tags?post=75367"}],"curies":[{"name":"wp","href":"https:\/\/api.w.org\/{rel}","templated":true}]}}