{"id":75352,"date":"2020-06-08T23:35:41","date_gmt":"2020-06-09T02:35:41","guid":{"rendered":"https:\/\/eldiariodesanpedro.com.ar\/sitio\/?p=75352"},"modified":"2020-06-08T23:35:45","modified_gmt":"2020-06-09T02:35:45","slug":"baradero-aparte-de-la-primer-victima-se-declararon-dos-nuevos-casos-de-covid-19","status":"publish","type":"post","link":"https:\/\/eldiariodesanpedro.com.ar\/sitio\/baradero-aparte-de-la-primer-victima-se-declararon-dos-nuevos-casos-de-covid-19\/","title":{"rendered":"BARADERO | Aparte de la primer victima se declararon dos nuevos casos de Covid 19"},"content":{"rendered":"<!-- VideographyWP Plugin Message: Automatic video embedding prevented by plugin options. -->\n\n<p>Tras el lamentable final del joven de 29 a\u00f1os de edad, tambi\u00e9n se conocieron dos nuevos casos de coronavirus y en la ciudad se analiza volver a fase 1.<\/p>\n\n\n\n<p>Se hab\u00edan enviado nuevas muestras el d\u00eda de ayer de las cuales dos dieron positivos por lo que estas personas contin\u00faan en aislamiento.<\/p>\n\n\n\n<p>El total de los positivos al d\u00eda de la fecha  son 13 de los cuales 4 ya fueron dados de alta , uno falleci\u00f3 y el resto continua en aislamiento obligatorio y con todos los controles necesarios seg\u00fan lo informo el  Intendente Esteban Sanzio.    <\/p>\n\n\n\n<p><\/p>\n","protected":false},"excerpt":{"rendered":"<p>Tras el lamentable final del joven de 29 a\u00f1os de edad, tambi\u00e9n se conocieron dos nuevos casos de coronavirus y en la ciudad se analiza volver a fase 1. Se hab\u00edan enviado nuevas muestras el d\u00eda de ayer de las cuales dos dieron positivos por lo que estas personas contin\u00faan en aislamiento. El total de [&hellip;]<\/p>\n","protected":false},"author":4,"featured_media":75218,"comment_status":"open","ping_status":"closed","sticky":false,"template":"","format":"standard","meta":{"om_disable_all_campaigns":false,"_jetpack_memberships_contains_paid_content":false,"footnotes":""},"categories":[621],"tags":[139,808,1250,681],"class_list":["post-75352","post","type-post","status-publish","format-standard","has-post-thumbnail","hentry","category-regionales","tag-baradero","tag-coronavirus","tag-positivos","tag-regionales"],"aioseo_notices":[],"gutentor_comment":0,"jetpack_featured_media_url":"https:\/\/eldiariodesanpedro.com.ar\/sitio\/wp-content\/uploads\/2020\/06\/no_87xbmx9h7nbjov820200605_203853_0000.jpg","jetpack_shortlink":"https:\/\/wp.me\/p6RhLt-jBm","jetpack_sharing_enabled":true,"_links":{"self":[{"href":"https:\/\/eldiariodesanpedro.com.ar\/sitio\/wp-json\/wp\/v2\/posts\/75352","targetHints":{"allow":["GET"]}}],"collection":[{"href":"https:\/\/eldiariodesanpedro.com.ar\/sitio\/wp-json\/wp\/v2\/posts"}],"about":[{"href":"https:\/\/eldiariodesanpedro.com.ar\/sitio\/wp-json\/wp\/v2\/types\/post"}],"author":[{"embeddable":true,"href":"https:\/\/eldiariodesanpedro.com.ar\/sitio\/wp-json\/wp\/v2\/users\/4"}],"replies":[{"embeddable":true,"href":"https:\/\/eldiariodesanpedro.com.ar\/sitio\/wp-json\/wp\/v2\/comments?post=75352"}],"version-history":[{"count":1,"href":"https:\/\/eldiariodesanpedro.com.ar\/sitio\/wp-json\/wp\/v2\/posts\/75352\/revisions"}],"predecessor-version":[{"id":75353,"href":"https:\/\/eldiariodesanpedro.com.ar\/sitio\/wp-json\/wp\/v2\/posts\/75352\/revisions\/75353"}],"wp:featuredmedia":[{"embeddable":true,"href":"https:\/\/eldiariodesanpedro.com.ar\/sitio\/wp-json\/wp\/v2\/media\/75218"}],"wp:attachment":[{"href":"https:\/\/eldiariodesanpedro.com.ar\/sitio\/wp-json\/wp\/v2\/media?parent=75352"}],"wp:term":[{"taxonomy":"category","embeddable":true,"href":"https:\/\/eldiariodesanpedro.com.ar\/sitio\/wp-json\/wp\/v2\/categories?post=75352"},{"taxonomy":"post_tag","embeddable":true,"href":"https:\/\/eldiariodesanpedro.com.ar\/sitio\/wp-json\/wp\/v2\/tags?post=75352"}],"curies":[{"name":"wp","href":"https:\/\/api.w.org\/{rel}","templated":true}]}}