{"id":75344,"date":"2020-06-08T21:09:24","date_gmt":"2020-06-09T00:09:24","guid":{"rendered":"https:\/\/eldiariodesanpedro.com.ar\/sitio\/?p=75344"},"modified":"2020-06-08T23:13:50","modified_gmt":"2020-06-09T02:13:50","slug":"baradero-primer-fallecido-por-coronavirus","status":"publish","type":"post","link":"https:\/\/eldiariodesanpedro.com.ar\/sitio\/baradero-primer-fallecido-por-coronavirus\/","title":{"rendered":"BARADERO | Primer fallecido por coronavirus"},"content":{"rendered":"<!-- VideographyWP Plugin Message: Automatic video embedding prevented by plugin options. -->\n\n<p>En el d\u00eda de la fecha se anuncio el primer fallecimiento por coronavirus COVID-19 en baradero.<\/p>\n\n\n\n<p>Se tratar\u00eda de un joven e 29 a\u00f1os de edad discapacitado que habr\u00eda contra\u00eddo el virus d\u00edas atr\u00e1s.<\/p>\n\n\n\n<p>El intendete Sanzio se refirio a lo ocurrido: \u00abhasta el momento son 13 los casos registrados en la ciudad, de los cuales 4 ya fueron recuperados y 8 aun continuan en aisalmiento\u00bb.<\/p>\n\n\n\n<p>\u00abEs una triste noticia la que tenemos que dar y es una situaci\u00f3n sumamente dura y de la que tenemos que salir todos unidos hermanados como sociedad donde es fundamental  en los tiempos que estamos viviendo fortalecer nuestro cuidado, el cuidado propio y el de nuestras familias\u00bb.<\/p>\n\n\n\n<p>El joven habr\u00eda comenzado con sus s\u00edntomas antes del fin de semana pasado por lo que fue insopado y las muestras con resultado positivo llego el d\u00eda sabado. El deterioro fue muy r\u00e1pido teniendo en cuenta que tenia el presidente de problemas card\u00edacos.<\/p>\n\n\n\n<p>El d\u00eda de hoy cuando se presentaron las complicaciones se lo estaba por conectar a un respirador artificial cuando pierde la vida.<\/p>\n\n\n\n<p><\/p>\n\n\n\n<figure class=\"wp-block-embed-facebook wp-block-embed is-type-rich is-provider-facebook\"><div class=\"wp-block-embed__wrapper\">\n<div class=\"fb-post\" data-href=\"https:\/\/www.facebook.com\/eldiario.desanpedro\/posts\/1299328156942987\" data-width=\"552\" style=\"background-color: #fff; display: inline-block;\"><\/div>\n<\/div><\/figure>\n","protected":false},"excerpt":{"rendered":"<p>En el d\u00eda de la fecha se anuncio el primer fallecimiento por coronavirus COVID-19 en baradero. Se tratar\u00eda de un joven e 29 a\u00f1os de edad discapacitado que habr\u00eda contra\u00eddo el virus d\u00edas atr\u00e1s. El intendete Sanzio se refirio a lo ocurrido: \u00abhasta el momento son 13 los casos registrados en la ciudad, de los [&hellip;]<\/p>\n","protected":false},"author":4,"featured_media":75079,"comment_status":"open","ping_status":"closed","sticky":false,"template":"","format":"standard","meta":{"om_disable_all_campaigns":false,"_jetpack_memberships_contains_paid_content":false,"footnotes":""},"categories":[621],"tags":[139,197,808,681],"class_list":["post-75344","post","type-post","status-publish","format-standard","has-post-thumbnail","hentry","category-regionales","tag-baradero","tag-buenos-aires","tag-coronavirus","tag-regionales"],"aioseo_notices":[],"gutentor_comment":0,"jetpack_featured_media_url":"https:\/\/eldiariodesanpedro.com.ar\/sitio\/wp-content\/uploads\/2020\/06\/20200604121241.jpg","jetpack_shortlink":"https:\/\/wp.me\/p6RhLt-jBe","jetpack_sharing_enabled":true,"_links":{"self":[{"href":"https:\/\/eldiariodesanpedro.com.ar\/sitio\/wp-json\/wp\/v2\/posts\/75344","targetHints":{"allow":["GET"]}}],"collection":[{"href":"https:\/\/eldiariodesanpedro.com.ar\/sitio\/wp-json\/wp\/v2\/posts"}],"about":[{"href":"https:\/\/eldiariodesanpedro.com.ar\/sitio\/wp-json\/wp\/v2\/types\/post"}],"author":[{"embeddable":true,"href":"https:\/\/eldiariodesanpedro.com.ar\/sitio\/wp-json\/wp\/v2\/users\/4"}],"replies":[{"embeddable":true,"href":"https:\/\/eldiariodesanpedro.com.ar\/sitio\/wp-json\/wp\/v2\/comments?post=75344"}],"version-history":[{"count":7,"href":"https:\/\/eldiariodesanpedro.com.ar\/sitio\/wp-json\/wp\/v2\/posts\/75344\/revisions"}],"predecessor-version":[{"id":75351,"href":"https:\/\/eldiariodesanpedro.com.ar\/sitio\/wp-json\/wp\/v2\/posts\/75344\/revisions\/75351"}],"wp:featuredmedia":[{"embeddable":true,"href":"https:\/\/eldiariodesanpedro.com.ar\/sitio\/wp-json\/wp\/v2\/media\/75079"}],"wp:attachment":[{"href":"https:\/\/eldiariodesanpedro.com.ar\/sitio\/wp-json\/wp\/v2\/media?parent=75344"}],"wp:term":[{"taxonomy":"category","embeddable":true,"href":"https:\/\/eldiariodesanpedro.com.ar\/sitio\/wp-json\/wp\/v2\/categories?post=75344"},{"taxonomy":"post_tag","embeddable":true,"href":"https:\/\/eldiariodesanpedro.com.ar\/sitio\/wp-json\/wp\/v2\/tags?post=75344"}],"curies":[{"name":"wp","href":"https:\/\/api.w.org\/{rel}","templated":true}]}}