{"id":7534,"date":"2016-08-28T18:16:28","date_gmt":"2016-08-28T21:16:28","guid":{"rendered":"https:\/\/eldiariodesanpedro.com.ar\/sitio\/?p=7534"},"modified":"2016-08-28T18:16:28","modified_gmt":"2016-08-28T21:16:28","slug":"dia-del-nino-en-el-barrio-depietri","status":"publish","type":"post","link":"https:\/\/eldiariodesanpedro.com.ar\/sitio\/dia-del-nino-en-el-barrio-depietri\/","title":{"rendered":"D\u00eda del Ni\u00f1o en el barrio Depietri"},"content":{"rendered":"<p><!-- VideographyWP Plugin Message: Automatic video embedding prevented by plugin options. --><br \/>\nSe realiz\u00f3 el festejo del D\u00eda del Ni\u00f1o en el barrio Depietri. El mismo fue organizado por la red territorial integrada por: Jard\u00edn de Infantes N\u00b0 902, Escuela Primaria N\u00ba 4, Escuela Secundaria N\u00ba 11, CEC N\u00ba 802, Centro de Salud Depietri, Arcor, Club Defensores Unidos y Programa Envi\u00f3n Sede Depietri.<br \/>\nAdem\u00e1s, participaron alumnos de 6\u00ba a\u00f1o de la Escuela Comercial, con modalidad en Educaci\u00f3n F\u00edsica quienes, bajo la direcci\u00f3n de los profesores de educaci\u00f3n f\u00edsica de las distintas instituciones, coordinaron los distintos juegos.<br \/>\nPor su parte, los adolescentes del Programa Envi\u00f3n armaron las bolsas con golosinas y el grupo que participa del taller de teatro ofreci\u00f3 una obra denominada \u00abDragonete, el drag\u00f3n que no tira fuego\u00bb, ideada, escrita y actuada por el mismo grupo. Asimismo, confeccionaron el vestuario y los elementos requeridos para la puesta en escena.<br \/>\nCada instituci\u00f3n sum\u00f3 insumos y personal para que los chicos de esta comunidad tuvieran un d\u00eda para jugar todos juntos.<\/p>\n","protected":false},"excerpt":{"rendered":"<p>Se realiz\u00f3 el festejo del D\u00eda del Ni\u00f1o en el barrio Depietri. El mismo fue organizado por la red territorial integrada por: Jard\u00edn de Infantes N\u00b0 902, Escuela Primaria N\u00ba 4, Escuela Secundaria N\u00ba 11, CEC N\u00ba 802, Centro de Salud Depietri, Arcor, Club Defensores Unidos y Programa Envi\u00f3n Sede Depietri. Adem\u00e1s, participaron alumnos de [&hellip;]<\/p>\n","protected":false},"author":4,"featured_media":7535,"comment_status":"open","ping_status":"closed","sticky":false,"template":"","format":"standard","meta":{"om_disable_all_campaigns":false,"_jetpack_memberships_contains_paid_content":false,"footnotes":""},"categories":[50,101,2],"tags":[],"class_list":["post-7534","post","type-post","status-publish","format-standard","has-post-thumbnail","hentry","category-destacadas","category-interes-general-locales","category-locales"],"aioseo_notices":[],"gutentor_comment":0,"jetpack_featured_media_url":"https:\/\/eldiariodesanpedro.com.ar\/sitio\/wp-content\/uploads\/2016\/08\/PAGINA-6-13.jpg","jetpack_shortlink":"https:\/\/wp.me\/p6RhLt-1Xw","jetpack_sharing_enabled":true,"_links":{"self":[{"href":"https:\/\/eldiariodesanpedro.com.ar\/sitio\/wp-json\/wp\/v2\/posts\/7534","targetHints":{"allow":["GET"]}}],"collection":[{"href":"https:\/\/eldiariodesanpedro.com.ar\/sitio\/wp-json\/wp\/v2\/posts"}],"about":[{"href":"https:\/\/eldiariodesanpedro.com.ar\/sitio\/wp-json\/wp\/v2\/types\/post"}],"author":[{"embeddable":true,"href":"https:\/\/eldiariodesanpedro.com.ar\/sitio\/wp-json\/wp\/v2\/users\/4"}],"replies":[{"embeddable":true,"href":"https:\/\/eldiariodesanpedro.com.ar\/sitio\/wp-json\/wp\/v2\/comments?post=7534"}],"version-history":[{"count":1,"href":"https:\/\/eldiariodesanpedro.com.ar\/sitio\/wp-json\/wp\/v2\/posts\/7534\/revisions"}],"predecessor-version":[{"id":7536,"href":"https:\/\/eldiariodesanpedro.com.ar\/sitio\/wp-json\/wp\/v2\/posts\/7534\/revisions\/7536"}],"wp:featuredmedia":[{"embeddable":true,"href":"https:\/\/eldiariodesanpedro.com.ar\/sitio\/wp-json\/wp\/v2\/media\/7535"}],"wp:attachment":[{"href":"https:\/\/eldiariodesanpedro.com.ar\/sitio\/wp-json\/wp\/v2\/media?parent=7534"}],"wp:term":[{"taxonomy":"category","embeddable":true,"href":"https:\/\/eldiariodesanpedro.com.ar\/sitio\/wp-json\/wp\/v2\/categories?post=7534"},{"taxonomy":"post_tag","embeddable":true,"href":"https:\/\/eldiariodesanpedro.com.ar\/sitio\/wp-json\/wp\/v2\/tags?post=7534"}],"curies":[{"name":"wp","href":"https:\/\/api.w.org\/{rel}","templated":true}]}}