{"id":75339,"date":"2020-06-08T18:44:25","date_gmt":"2020-06-08T21:44:25","guid":{"rendered":"https:\/\/eldiariodesanpedro.com.ar\/sitio\/?p=75339"},"modified":"2020-06-08T18:44:28","modified_gmt":"2020-06-08T21:44:28","slug":"san-nicolas-pidieron-justicia-por-la-muerte-de-rial-y-corbalan-2","status":"publish","type":"post","link":"https:\/\/eldiariodesanpedro.com.ar\/sitio\/san-nicolas-pidieron-justicia-por-la-muerte-de-rial-y-corbalan-2\/","title":{"rendered":"SAN NICOL\u00c1S | Pidieron justicia por la muerte de Rial y Corbal\u00e1n"},"content":{"rendered":"<!-- VideographyWP Plugin Message: Automatic video embedding prevented by plugin options. -->\n\n<p>En horas del mediod\u00eda de este lunes, un amplio grupo de personas se concentraron en la plaza Mitre para pedir justicia por las muertes de Ulises Rial y Ezequiel Corbal\u00e1n. Los dos j\u00f3venes que fallecieron luego de impactar contra un patrullero policial.<\/p>\n\n\n\n<p>Ambos salieron despedidos, sufrieron graves lesiones en sus cuerpos.<\/p>\n\n\n\n<p>En declaraciones a los medios locales, familiares y amigos, se\u00f1alaron que pedir\u00e1n que se haga justicia ya que sostienen que no hubo persecuci\u00f3n y que los patrulleros no prendieron las sirenas.<\/p>\n\n\n\n<p>La movilizaci\u00f3n comenz\u00f3 en la plaza Mitre, pasaron por el Palacio Municipal y finalmente fueron a la Fiscal\u00eda donde presentaron un pedido de justicia al fiscal que entiende en la causa, Dr. Dar\u00edo Giagnorio.<\/p>\n\n\n\n<p>Fuente:&nbsp;<a href=\"http:\/\/www.diarioelinformante.com.ar\/nota-57696_pidieron-justicia-por-la-muerte-de-rial-y-corbaln\">Diario El Informante<\/a><\/p>\n","protected":false},"excerpt":{"rendered":"<p>En horas del mediod\u00eda de este lunes, un amplio grupo de personas se concentraron en la plaza Mitre para pedir justicia por las muertes de Ulises Rial y Ezequiel Corbal\u00e1n. Los dos j\u00f3venes que fallecieron luego de impactar contra un patrullero policial. Ambos salieron despedidos, sufrieron graves lesiones en sus cuerpos. En declaraciones a los [&hellip;]<\/p>\n","protected":false},"author":4,"featured_media":75332,"comment_status":"open","ping_status":"closed","sticky":false,"template":"","format":"standard","meta":{"om_disable_all_campaigns":false,"_jetpack_memberships_contains_paid_content":false,"footnotes":""},"categories":[621],"tags":[1425,681],"class_list":["post-75339","post","type-post","status-publish","format-standard","has-post-thumbnail","hentry","category-regionales","tag-macrha","tag-regionales"],"aioseo_notices":[],"gutentor_comment":0,"jetpack_featured_media_url":"https:\/\/eldiariodesanpedro.com.ar\/sitio\/wp-content\/uploads\/2020\/06\/conmarca26658.jpg","jetpack_shortlink":"https:\/\/wp.me\/p6RhLt-jB9","jetpack_sharing_enabled":true,"_links":{"self":[{"href":"https:\/\/eldiariodesanpedro.com.ar\/sitio\/wp-json\/wp\/v2\/posts\/75339","targetHints":{"allow":["GET"]}}],"collection":[{"href":"https:\/\/eldiariodesanpedro.com.ar\/sitio\/wp-json\/wp\/v2\/posts"}],"about":[{"href":"https:\/\/eldiariodesanpedro.com.ar\/sitio\/wp-json\/wp\/v2\/types\/post"}],"author":[{"embeddable":true,"href":"https:\/\/eldiariodesanpedro.com.ar\/sitio\/wp-json\/wp\/v2\/users\/4"}],"replies":[{"embeddable":true,"href":"https:\/\/eldiariodesanpedro.com.ar\/sitio\/wp-json\/wp\/v2\/comments?post=75339"}],"version-history":[{"count":1,"href":"https:\/\/eldiariodesanpedro.com.ar\/sitio\/wp-json\/wp\/v2\/posts\/75339\/revisions"}],"predecessor-version":[{"id":75343,"href":"https:\/\/eldiariodesanpedro.com.ar\/sitio\/wp-json\/wp\/v2\/posts\/75339\/revisions\/75343"}],"wp:featuredmedia":[{"embeddable":true,"href":"https:\/\/eldiariodesanpedro.com.ar\/sitio\/wp-json\/wp\/v2\/media\/75332"}],"wp:attachment":[{"href":"https:\/\/eldiariodesanpedro.com.ar\/sitio\/wp-json\/wp\/v2\/media?parent=75339"}],"wp:term":[{"taxonomy":"category","embeddable":true,"href":"https:\/\/eldiariodesanpedro.com.ar\/sitio\/wp-json\/wp\/v2\/categories?post=75339"},{"taxonomy":"post_tag","embeddable":true,"href":"https:\/\/eldiariodesanpedro.com.ar\/sitio\/wp-json\/wp\/v2\/tags?post=75339"}],"curies":[{"name":"wp","href":"https:\/\/api.w.org\/{rel}","templated":true}]}}