{"id":75336,"date":"2020-06-08T18:39:57","date_gmt":"2020-06-08T21:39:57","guid":{"rendered":"https:\/\/eldiariodesanpedro.com.ar\/sitio\/?p=75336"},"modified":"2020-06-08T18:40:01","modified_gmt":"2020-06-08T21:40:01","slug":"arrecifes-jornada-sobre-violencia-de-genero","status":"publish","type":"post","link":"https:\/\/eldiariodesanpedro.com.ar\/sitio\/arrecifes-jornada-sobre-violencia-de-genero\/","title":{"rendered":"ARRECIFES | Jornada sobre violencia de g\u00e9nero"},"content":{"rendered":"<!-- VideographyWP Plugin Message: Automatic video embedding prevented by plugin options. -->\n\n<p>En el transcurso de la semana pasada, en el Centro Cultural, se procedi\u00f3 a realizar una Jornada de Capacitaci\u00f3n por Violencia de G\u00e9nero.<\/p>\n\n\n\n<p>La misma cont\u00f3 con la participaci\u00f3n de la coordinadora Zonal de Pol\u00edtica de G\u00e9nero de San Nicol\u00e1s, personal de la Estaci\u00f3n Polic\u00eda Comunal Arrecifes y de la Comisar\u00eda de la Mujer y Familia local.<\/p>\n\n\n\n<p>Por otra parte, personal policial local concurri\u00f3 a una jornada de capacitaci\u00f3n sobre Bioseguridad del Covid-19 en la ciudad de San Nicol\u00e1s<\/p>\n\n\n\n<p>Fuente: <a href=\"https:\/\/arrecifesnoticias.com\/policiales\/jornada-sobre-violencia-de-genero\/\">Arrecifes Noticias<\/a><\/p>\n","protected":false},"excerpt":{"rendered":"<p>En el transcurso de la semana pasada, en el Centro Cultural, se procedi\u00f3 a realizar una Jornada de Capacitaci\u00f3n por Violencia de G\u00e9nero. La misma cont\u00f3 con la participaci\u00f3n de la coordinadora Zonal de Pol\u00edtica de G\u00e9nero de San Nicol\u00e1s, personal de la Estaci\u00f3n Polic\u00eda Comunal Arrecifes y de la Comisar\u00eda de la Mujer y [&hellip;]<\/p>\n","protected":false},"author":4,"featured_media":75337,"comment_status":"open","ping_status":"closed","sticky":false,"template":"","format":"standard","meta":{"om_disable_all_campaigns":false,"_jetpack_memberships_contains_paid_content":false,"footnotes":""},"categories":[621],"tags":[197,1170,1424,681,855],"class_list":["post-75336","post","type-post","status-publish","format-standard","has-post-thumbnail","hentry","category-regionales","tag-buenos-aires","tag-buenosaires","tag-jornada","tag-regionales","tag-violencia-de-genero"],"aioseo_notices":[],"gutentor_comment":0,"jetpack_featured_media_url":"https:\/\/eldiariodesanpedro.com.ar\/sitio\/wp-content\/uploads\/2020\/06\/Policias-Violencia-de-genero-906x510-1.jpg","jetpack_shortlink":"https:\/\/wp.me\/p6RhLt-jB6","jetpack_sharing_enabled":true,"_links":{"self":[{"href":"https:\/\/eldiariodesanpedro.com.ar\/sitio\/wp-json\/wp\/v2\/posts\/75336","targetHints":{"allow":["GET"]}}],"collection":[{"href":"https:\/\/eldiariodesanpedro.com.ar\/sitio\/wp-json\/wp\/v2\/posts"}],"about":[{"href":"https:\/\/eldiariodesanpedro.com.ar\/sitio\/wp-json\/wp\/v2\/types\/post"}],"author":[{"embeddable":true,"href":"https:\/\/eldiariodesanpedro.com.ar\/sitio\/wp-json\/wp\/v2\/users\/4"}],"replies":[{"embeddable":true,"href":"https:\/\/eldiariodesanpedro.com.ar\/sitio\/wp-json\/wp\/v2\/comments?post=75336"}],"version-history":[{"count":1,"href":"https:\/\/eldiariodesanpedro.com.ar\/sitio\/wp-json\/wp\/v2\/posts\/75336\/revisions"}],"predecessor-version":[{"id":75338,"href":"https:\/\/eldiariodesanpedro.com.ar\/sitio\/wp-json\/wp\/v2\/posts\/75336\/revisions\/75338"}],"wp:featuredmedia":[{"embeddable":true,"href":"https:\/\/eldiariodesanpedro.com.ar\/sitio\/wp-json\/wp\/v2\/media\/75337"}],"wp:attachment":[{"href":"https:\/\/eldiariodesanpedro.com.ar\/sitio\/wp-json\/wp\/v2\/media?parent=75336"}],"wp:term":[{"taxonomy":"category","embeddable":true,"href":"https:\/\/eldiariodesanpedro.com.ar\/sitio\/wp-json\/wp\/v2\/categories?post=75336"},{"taxonomy":"post_tag","embeddable":true,"href":"https:\/\/eldiariodesanpedro.com.ar\/sitio\/wp-json\/wp\/v2\/tags?post=75336"}],"curies":[{"name":"wp","href":"https:\/\/api.w.org\/{rel}","templated":true}]}}