{"id":7532,"date":"2016-08-28T18:08:59","date_gmt":"2016-08-28T21:08:59","guid":{"rendered":"https:\/\/eldiariodesanpedro.com.ar\/sitio\/?p=7532"},"modified":"2016-08-28T18:08:59","modified_gmt":"2016-08-28T21:08:59","slug":"coopser-anuncia-para-manana-un-nuevo-corte-de-energia-programado","status":"publish","type":"post","link":"https:\/\/eldiariodesanpedro.com.ar\/sitio\/coopser-anuncia-para-manana-un-nuevo-corte-de-energia-programado\/","title":{"rendered":"Coopser anuncia para ma\u00f1ana un nuevo corte de energ\u00eda programado"},"content":{"rendered":"<p><!-- VideographyWP Plugin Message: Automatic video embedding prevented by plugin options. --><br \/>\nCoopser ha dado a conocer que ma\u00f1ana en el horario de 8.00 a 12.00 se llevar\u00e1 a cabo un corte de energ\u00eda el\u00e9ctrica en el callej\u00f3n de Al\u00e9s, para realizar tareas de mantenimiento en la l\u00ednea de media tensi\u00f3n. En caso de mal tiempo, ser\u00e1 reprogramado. <\/p>\n","protected":false},"excerpt":{"rendered":"<p>Coopser ha dado a conocer que ma\u00f1ana en el horario de 8.00 a 12.00 se llevar\u00e1 a cabo un corte de energ\u00eda el\u00e9ctrica en el callej\u00f3n de Al\u00e9s, para realizar tareas de mantenimiento en la l\u00ednea de media tensi\u00f3n. En caso de mal tiempo, ser\u00e1 reprogramado.<\/p>\n","protected":false},"author":4,"featured_media":2489,"comment_status":"open","ping_status":"closed","sticky":false,"template":"","format":"standard","meta":{"om_disable_all_campaigns":false,"_jetpack_memberships_contains_paid_content":false,"footnotes":""},"categories":[101,2],"tags":[],"class_list":["post-7532","post","type-post","status-publish","format-standard","has-post-thumbnail","hentry","category-interes-general-locales","category-locales"],"aioseo_notices":[],"gutentor_comment":0,"jetpack_featured_media_url":"https:\/\/eldiariodesanpedro.com.ar\/sitio\/wp-content\/uploads\/2016\/03\/COOPSER.jpg","jetpack_shortlink":"https:\/\/wp.me\/p6RhLt-1Xu","jetpack_sharing_enabled":true,"_links":{"self":[{"href":"https:\/\/eldiariodesanpedro.com.ar\/sitio\/wp-json\/wp\/v2\/posts\/7532","targetHints":{"allow":["GET"]}}],"collection":[{"href":"https:\/\/eldiariodesanpedro.com.ar\/sitio\/wp-json\/wp\/v2\/posts"}],"about":[{"href":"https:\/\/eldiariodesanpedro.com.ar\/sitio\/wp-json\/wp\/v2\/types\/post"}],"author":[{"embeddable":true,"href":"https:\/\/eldiariodesanpedro.com.ar\/sitio\/wp-json\/wp\/v2\/users\/4"}],"replies":[{"embeddable":true,"href":"https:\/\/eldiariodesanpedro.com.ar\/sitio\/wp-json\/wp\/v2\/comments?post=7532"}],"version-history":[{"count":1,"href":"https:\/\/eldiariodesanpedro.com.ar\/sitio\/wp-json\/wp\/v2\/posts\/7532\/revisions"}],"predecessor-version":[{"id":7533,"href":"https:\/\/eldiariodesanpedro.com.ar\/sitio\/wp-json\/wp\/v2\/posts\/7532\/revisions\/7533"}],"wp:featuredmedia":[{"embeddable":true,"href":"https:\/\/eldiariodesanpedro.com.ar\/sitio\/wp-json\/wp\/v2\/media\/2489"}],"wp:attachment":[{"href":"https:\/\/eldiariodesanpedro.com.ar\/sitio\/wp-json\/wp\/v2\/media?parent=7532"}],"wp:term":[{"taxonomy":"category","embeddable":true,"href":"https:\/\/eldiariodesanpedro.com.ar\/sitio\/wp-json\/wp\/v2\/categories?post=7532"},{"taxonomy":"post_tag","embeddable":true,"href":"https:\/\/eldiariodesanpedro.com.ar\/sitio\/wp-json\/wp\/v2\/tags?post=7532"}],"curies":[{"name":"wp","href":"https:\/\/api.w.org\/{rel}","templated":true}]}}