{"id":75309,"date":"2020-06-08T14:36:18","date_gmt":"2020-06-08T17:36:18","guid":{"rendered":"https:\/\/eldiariodesanpedro.com.ar\/sitio\/?p=75309"},"modified":"2020-06-08T14:36:21","modified_gmt":"2020-06-08T17:36:21","slug":"ritondo-finaliza-el-ciclo-charla-abierta-en-tiempos-de-pandemia","status":"publish","type":"post","link":"https:\/\/eldiariodesanpedro.com.ar\/sitio\/ritondo-finaliza-el-ciclo-charla-abierta-en-tiempos-de-pandemia\/","title":{"rendered":"Ritondo finaliza el ciclo \u201cCharla abierta en tiempos de pandemia\u201d"},"content":{"rendered":"<!-- VideographyWP Plugin Message: Automatic video embedding prevented by plugin options. -->\n\n<p>El presidente del bloque de diputados nacionales del PRO, Cristian Ritondo, recorri\u00f3, de modo virtual, las ocho secciones electorales de la provincia de Buenos Aires manteniendo reuniones y \u201ccharlas abiertas\u201d por Zoom con dirigentes de todo el territorio bonaerense. En cada encuentro, Ritondo escuch\u00f3 inquietudes y dio su punto de vista sobre la realidad que atraviesan los distintos municipios.<\/p>\n\n\n\n<p>\u201cHemos logrado mantener unido a nuestro espacio pol\u00edtico y creamos una oposici\u00f3n constructiva que ha generado decenas de propuestas legislativas, que colabora y critica cuando ve injusticias. Hoy estamos frente a un enemigo que requiere de la unidad de todos, el coronavirus \u201d, repite Ritondo en cada encuentro.<\/p>\n\n\n\n<p>\u201cEn la provincia nuestra presencia es completa. L\u00f3gico que debemos ampliar la base de sustentaci\u00f3n a trav\u00e9s de nuevas afiliaciones y seguir con ese m\u00e9todo de trabajo militante que vamos a ir perfeccionando y profundizando en la pospandemia\u201d, explica el titular de la bancada PRO.<\/p>\n\n\n\n<p>Este viernes Ritondo termina su recorrida virtual reuni\u00e9ndose con dirigentes de la octava secci\u00f3n para culminar as\u00ed el itinerario que comenz\u00f3 el 22 de abril con la primera secci\u00f3n, sigui\u00f3 el 23 con la sexta, continu\u00f3 el 8 de mayo con la primera, el 11 y 12 de mayo con la segunda, el 15 y 29 de mayo con la quinta, el 18 de mayo con la tercera, el 22 de mayo mantuvo un encuentro con concejales sub 35 de toda la Provincia, el 26 de mayo con la cuarta y el 1 de junio con la s\u00e9ptima.<\/p>\n\n\n\n<p>A trav\u00e9s del ciclo \u201cCharla abierta en tiempos de pandemia\u201d Ritondo busca estar conectado con intendentes, legisladores nacionales, provinciales y municipales, como as\u00ed tambi\u00e9n con dirigentes sociales, de la educaci\u00f3n y de la producci\u00f3n para conocer de boca de ellos la realidad de cada municipio.<\/p>\n","protected":false},"excerpt":{"rendered":"<p>El presidente del bloque de diputados nacionales del PRO, Cristian Ritondo, recorri\u00f3, de modo virtual, las ocho secciones electorales de la provincia de Buenos Aires manteniendo reuniones y \u201ccharlas abiertas\u201d por Zoom con dirigentes de todo el territorio bonaerense. En cada encuentro, Ritondo escuch\u00f3 inquietudes y dio su punto de vista sobre la realidad que [&hellip;]<\/p>\n","protected":false},"author":4,"featured_media":75310,"comment_status":"open","ping_status":"closed","sticky":false,"template":"","format":"standard","meta":{"om_disable_all_campaigns":false,"_jetpack_memberships_contains_paid_content":false,"footnotes":""},"categories":[621],"tags":[1170,681],"class_list":["post-75309","post","type-post","status-publish","format-standard","has-post-thumbnail","hentry","category-regionales","tag-buenosaires","tag-regionales"],"aioseo_notices":[],"gutentor_comment":0,"jetpack_featured_media_url":"https:\/\/eldiariodesanpedro.com.ar\/sitio\/wp-content\/uploads\/2020\/06\/IMG-20200604-WA0029.jpg","jetpack_shortlink":"https:\/\/wp.me\/p6RhLt-jAF","jetpack_sharing_enabled":true,"_links":{"self":[{"href":"https:\/\/eldiariodesanpedro.com.ar\/sitio\/wp-json\/wp\/v2\/posts\/75309","targetHints":{"allow":["GET"]}}],"collection":[{"href":"https:\/\/eldiariodesanpedro.com.ar\/sitio\/wp-json\/wp\/v2\/posts"}],"about":[{"href":"https:\/\/eldiariodesanpedro.com.ar\/sitio\/wp-json\/wp\/v2\/types\/post"}],"author":[{"embeddable":true,"href":"https:\/\/eldiariodesanpedro.com.ar\/sitio\/wp-json\/wp\/v2\/users\/4"}],"replies":[{"embeddable":true,"href":"https:\/\/eldiariodesanpedro.com.ar\/sitio\/wp-json\/wp\/v2\/comments?post=75309"}],"version-history":[{"count":1,"href":"https:\/\/eldiariodesanpedro.com.ar\/sitio\/wp-json\/wp\/v2\/posts\/75309\/revisions"}],"predecessor-version":[{"id":75311,"href":"https:\/\/eldiariodesanpedro.com.ar\/sitio\/wp-json\/wp\/v2\/posts\/75309\/revisions\/75311"}],"wp:featuredmedia":[{"embeddable":true,"href":"https:\/\/eldiariodesanpedro.com.ar\/sitio\/wp-json\/wp\/v2\/media\/75310"}],"wp:attachment":[{"href":"https:\/\/eldiariodesanpedro.com.ar\/sitio\/wp-json\/wp\/v2\/media?parent=75309"}],"wp:term":[{"taxonomy":"category","embeddable":true,"href":"https:\/\/eldiariodesanpedro.com.ar\/sitio\/wp-json\/wp\/v2\/categories?post=75309"},{"taxonomy":"post_tag","embeddable":true,"href":"https:\/\/eldiariodesanpedro.com.ar\/sitio\/wp-json\/wp\/v2\/tags?post=75309"}],"curies":[{"name":"wp","href":"https:\/\/api.w.org\/{rel}","templated":true}]}}