{"id":75308,"date":"2020-06-08T17:24:13","date_gmt":"2020-06-08T20:24:13","guid":{"rendered":"https:\/\/eldiariodesanpedro.com.ar\/sitio\/?p=75308"},"modified":"2020-06-08T17:24:17","modified_gmt":"2020-06-08T20:24:17","slug":"la-anses-sumo-hoy-nuevos-tramites-a-la-atencion-virtual","status":"publish","type":"post","link":"https:\/\/eldiariodesanpedro.com.ar\/sitio\/la-anses-sumo-hoy-nuevos-tramites-a-la-atencion-virtual\/","title":{"rendered":"La ANSES sum\u00f3 hoy nuevos tramites a la atenci\u00f3n virtual"},"content":{"rendered":"<!-- VideographyWP Plugin Message: Automatic video embedding prevented by plugin options. -->\n\n<p>A trav\u00e9s de la <strong>Resoluci\u00f3n 192\/2020<\/strong> publicada en el Bolet\u00edn Oficial, la ANSES ampli\u00f3 hoy sus tr\u00e1mites virtuales. Ahora se pueden gestionar v\u00eda web tambi\u00e9n: Jubilaciones Ordinarias, Pensiones Directas con servicios de car\u00e1cter ordinario, Pensiones Derivadas y Prestaci\u00f3n por Desempleo.<\/p>\n\n\n\n<p>Estos nuevos tr\u00e1mites se suman a los que ya se pod\u00edan realizar por este medio: Asignaci\u00f3n Familiar por Prenatal, Asignaci\u00f3n por Embarazo para Protecci\u00f3n Social, Activaci\u00f3n de Beneficio Previsional (rehabilitaci\u00f3n del cobro de una jubilaci\u00f3n o pensi\u00f3n), el reclamo de un haber no cobrado de una jubilaci\u00f3n o pensi\u00f3n y el inicio de Asignaci\u00f3n por Maternidad.<\/p>\n\n\n\n<p>Adem\u00e1s, a trav\u00e9s de esta plataforma el organismo brinda asesoramiento sobre jubilaciones y pensiones, Subsidio de Contenci\u00f3n Familiar, actualizaci\u00f3n de datos personales o del grupo familiar, Asignaciones Universales y Familiares por Hijo, por Nacimiento y Adopci\u00f3n, Pensi\u00f3n no Contributiva para Madre de 7 hijos y R\u00e9gimen de reparaci\u00f3n econ\u00f3mica para las ni\u00f1as, ni\u00f1os y adolescentes.<\/p>\n\n\n\n<p>La modalidad de Atenci\u00f3n Virtual funciona <strong>de 0 a 20 horas y se reciben hasta 60.000 tr\u00e1mites diarios. <\/strong>Es importante mantener actualizados los datos de contacto, porque<strong> la ANSES responde las consultas a trav\u00e9s del correo electr\u00f3nico<\/strong>.<\/p>\n","protected":false},"excerpt":{"rendered":"<p>A trav\u00e9s de la Resoluci\u00f3n 192\/2020 publicada en el Bolet\u00edn Oficial, la ANSES ampli\u00f3 hoy sus tr\u00e1mites virtuales. Ahora se pueden gestionar v\u00eda web tambi\u00e9n: Jubilaciones Ordinarias, Pensiones Directas con servicios de car\u00e1cter ordinario, Pensiones Derivadas y Prestaci\u00f3n por Desempleo. Estos nuevos tr\u00e1mites se suman a los que ya se pod\u00edan realizar por este medio: [&hellip;]<\/p>\n","protected":false},"author":4,"featured_media":74872,"comment_status":"open","ping_status":"closed","sticky":false,"template":"","format":"standard","meta":{"om_disable_all_campaigns":false,"_jetpack_memberships_contains_paid_content":false,"footnotes":""},"categories":[101,2],"tags":[33,19],"class_list":["post-75308","post","type-post","status-publish","format-standard","has-post-thumbnail","hentry","category-interes-general-locales","category-locales","tag-locales","tag-san-pedro"],"aioseo_notices":[],"gutentor_comment":0,"jetpack_featured_media_url":"https:\/\/eldiariodesanpedro.com.ar\/sitio\/wp-content\/uploads\/2020\/06\/SM-anses-07052020.jpeg","jetpack_shortlink":"https:\/\/wp.me\/p6RhLt-jAE","jetpack_sharing_enabled":true,"_links":{"self":[{"href":"https:\/\/eldiariodesanpedro.com.ar\/sitio\/wp-json\/wp\/v2\/posts\/75308","targetHints":{"allow":["GET"]}}],"collection":[{"href":"https:\/\/eldiariodesanpedro.com.ar\/sitio\/wp-json\/wp\/v2\/posts"}],"about":[{"href":"https:\/\/eldiariodesanpedro.com.ar\/sitio\/wp-json\/wp\/v2\/types\/post"}],"author":[{"embeddable":true,"href":"https:\/\/eldiariodesanpedro.com.ar\/sitio\/wp-json\/wp\/v2\/users\/4"}],"replies":[{"embeddable":true,"href":"https:\/\/eldiariodesanpedro.com.ar\/sitio\/wp-json\/wp\/v2\/comments?post=75308"}],"version-history":[{"count":1,"href":"https:\/\/eldiariodesanpedro.com.ar\/sitio\/wp-json\/wp\/v2\/posts\/75308\/revisions"}],"predecessor-version":[{"id":75312,"href":"https:\/\/eldiariodesanpedro.com.ar\/sitio\/wp-json\/wp\/v2\/posts\/75308\/revisions\/75312"}],"wp:featuredmedia":[{"embeddable":true,"href":"https:\/\/eldiariodesanpedro.com.ar\/sitio\/wp-json\/wp\/v2\/media\/74872"}],"wp:attachment":[{"href":"https:\/\/eldiariodesanpedro.com.ar\/sitio\/wp-json\/wp\/v2\/media?parent=75308"}],"wp:term":[{"taxonomy":"category","embeddable":true,"href":"https:\/\/eldiariodesanpedro.com.ar\/sitio\/wp-json\/wp\/v2\/categories?post=75308"},{"taxonomy":"post_tag","embeddable":true,"href":"https:\/\/eldiariodesanpedro.com.ar\/sitio\/wp-json\/wp\/v2\/tags?post=75308"}],"curies":[{"name":"wp","href":"https:\/\/api.w.org\/{rel}","templated":true}]}}