{"id":75296,"date":"2020-06-08T12:15:08","date_gmt":"2020-06-08T15:15:08","guid":{"rendered":"https:\/\/eldiariodesanpedro.com.ar\/sitio\/?p=75296"},"modified":"2020-06-08T12:15:12","modified_gmt":"2020-06-08T15:15:12","slug":"san-nicolas-jubilada-asaltada-por-tres-delincuentes-que-la-tuvieron-dos-horas-encerrada","status":"publish","type":"post","link":"https:\/\/eldiariodesanpedro.com.ar\/sitio\/san-nicolas-jubilada-asaltada-por-tres-delincuentes-que-la-tuvieron-dos-horas-encerrada\/","title":{"rendered":"SAN NICOL\u00c1S | Jubilada asaltada por tres delincuentes que la tuvieron dos horas encerrada"},"content":{"rendered":"<!-- VideographyWP Plugin Message: Automatic video embedding prevented by plugin options. -->\n\n<p>En la madrugada del s\u00e1bado, alrededor de la 1.30, una mujer de 73 a\u00f1os fue asaltada por tres sujetos que ingresaron armados y con barbijos en su domicilio de calle Italia al 800 de barrio Belgrano.<\/p>\n\n\n\n<p>La se\u00f1ora vive sola y es jubilada, manifest\u00f3 que cuando se dirig\u00eda a su habitaci\u00f3n a descansar fue sorprendida por un ruido tipo estruendo que proven\u00eda de una puerta lateral de la vivienda.<\/p>\n\n\n\n<p>Escuch\u00f3 pasos hacia ella, y aparecieron tres sujetos, dos de ellos armados, con el rostro semi cubierto con barbijos, y le exigieron que le entregue todo el dinero.<\/p>\n\n\n\n<p>Ella les dio 8000 pesos y mientras uno de los delincuentes la custodiaba, dos de ellos a lo largo de dos horas revolvieron cada uno de los ambientes. Se llevaron televisor, celular, relojes, un reproductor de DVD y otros elementos de valor.<\/p>\n\n\n\n<p>Al huir le exigieron que no salga hasta pasadas dos horas, amenaz\u00e1ndola con volver. La se\u00f1ora a las dos horas pidi\u00f3 ayuda a una vecina y arrib\u00f3 personal policial y cient\u00edfica para la toma de huellas.<\/p>\n\n\n\n<p>El robo calificado es investigado por la DDI San Nicol\u00e1s y por la UFI N\u00ba4.<\/p>\n\n\n\n<p>Fuente: <a href=\"http:\/\/www.diarioelinformante.com.ar\/nota-57688_tres-delincuentes-asaltaron-a-jubilada-en-barrio-belgrano#\">Diario El Informante<\/a><\/p>\n","protected":false},"excerpt":{"rendered":"<p>En la madrugada del s\u00e1bado, alrededor de la 1.30, una mujer de 73 a\u00f1os fue asaltada por tres sujetos que ingresaron armados y con barbijos en su domicilio de calle Italia al 800 de barrio Belgrano. La se\u00f1ora vive sola y es jubilada, manifest\u00f3 que cuando se dirig\u00eda a su habitaci\u00f3n a descansar fue sorprendida [&hellip;]<\/p>\n","protected":false},"author":4,"featured_media":75297,"comment_status":"open","ping_status":"closed","sticky":false,"template":"","format":"standard","meta":{"om_disable_all_campaigns":false,"_jetpack_memberships_contains_paid_content":false,"footnotes":""},"categories":[621],"tags":[681,680,714],"class_list":["post-75296","post","type-post","status-publish","format-standard","has-post-thumbnail","hentry","category-regionales","tag-regionales","tag-robo","tag-san-nicolas"],"aioseo_notices":[],"gutentor_comment":0,"jetpack_featured_media_url":"https:\/\/eldiariodesanpedro.com.ar\/sitio\/wp-content\/uploads\/2020\/06\/unnamed.jpg","jetpack_shortlink":"https:\/\/wp.me\/p6RhLt-jAs","jetpack_sharing_enabled":true,"_links":{"self":[{"href":"https:\/\/eldiariodesanpedro.com.ar\/sitio\/wp-json\/wp\/v2\/posts\/75296","targetHints":{"allow":["GET"]}}],"collection":[{"href":"https:\/\/eldiariodesanpedro.com.ar\/sitio\/wp-json\/wp\/v2\/posts"}],"about":[{"href":"https:\/\/eldiariodesanpedro.com.ar\/sitio\/wp-json\/wp\/v2\/types\/post"}],"author":[{"embeddable":true,"href":"https:\/\/eldiariodesanpedro.com.ar\/sitio\/wp-json\/wp\/v2\/users\/4"}],"replies":[{"embeddable":true,"href":"https:\/\/eldiariodesanpedro.com.ar\/sitio\/wp-json\/wp\/v2\/comments?post=75296"}],"version-history":[{"count":1,"href":"https:\/\/eldiariodesanpedro.com.ar\/sitio\/wp-json\/wp\/v2\/posts\/75296\/revisions"}],"predecessor-version":[{"id":75298,"href":"https:\/\/eldiariodesanpedro.com.ar\/sitio\/wp-json\/wp\/v2\/posts\/75296\/revisions\/75298"}],"wp:featuredmedia":[{"embeddable":true,"href":"https:\/\/eldiariodesanpedro.com.ar\/sitio\/wp-json\/wp\/v2\/media\/75297"}],"wp:attachment":[{"href":"https:\/\/eldiariodesanpedro.com.ar\/sitio\/wp-json\/wp\/v2\/media?parent=75296"}],"wp:term":[{"taxonomy":"category","embeddable":true,"href":"https:\/\/eldiariodesanpedro.com.ar\/sitio\/wp-json\/wp\/v2\/categories?post=75296"},{"taxonomy":"post_tag","embeddable":true,"href":"https:\/\/eldiariodesanpedro.com.ar\/sitio\/wp-json\/wp\/v2\/tags?post=75296"}],"curies":[{"name":"wp","href":"https:\/\/api.w.org\/{rel}","templated":true}]}}