{"id":7529,"date":"2016-08-26T19:15:16","date_gmt":"2016-08-26T22:15:16","guid":{"rendered":"https:\/\/eldiariodesanpedro.com.ar\/sitio\/?p=7529"},"modified":"2016-08-26T19:15:16","modified_gmt":"2016-08-26T22:15:16","slug":"la-ministra-de-salud-visito-san-pedro-y-comprometio-ayuda-para-finalizar-el-sector-de-pediatria-del-hospital","status":"publish","type":"post","link":"https:\/\/eldiariodesanpedro.com.ar\/sitio\/la-ministra-de-salud-visito-san-pedro-y-comprometio-ayuda-para-finalizar-el-sector-de-pediatria-del-hospital\/","title":{"rendered":"La ministra de Salud visit\u00f3 San Pedro y comprometi\u00f3 ayuda para finalizar el sector de pediatr\u00eda del Hospital"},"content":{"rendered":"<p><!-- VideographyWP Plugin Message: Automatic video embedding prevented by plugin options. --><br \/>\nAyer por la tarde, Zulma Ortiz estuvo en la ciudad, donde pudo tener un intercambio con el intendente Salazar y con sus colaboradores en la cartera sanitaria municipal. Comprometi\u00f3 la colaboraci\u00f3n para que se puedan culminar las obras en el ala de pediatr\u00eda del Hospital y tambi\u00e9n recibi\u00f3 a representantes de los trabajadores de la Cl\u00ednica San Mart\u00edn, junto a las representantes del gremio que los nuclea.<br \/>\nEn la conferencia de prensa brindada a los medios, el mandatario comunal le expres\u00f3: \u00abEl problema de la salud de San Pedro es bastante complicado y serio, te agradezco que nos hayas venido a visitar, que nos haya escuchado como lo has hecho en otras oportunidades\u00bb.<br \/>\nA su t\u00e9rmino la ministra, manifest\u00f3: \u00abEstamos tomando conocimiento de la situaci\u00f3n, ya hemos tenido la oportunidad de algunos encuentros en otras localidades\u00bb.<br \/>\nEn la provincia \u00abhemos encontrado una desinversi\u00f3n que ha llevado a colapsar el sistema del sector p\u00fablico y privado, entiendo que aqu\u00ed hay una situaci\u00f3n particular como nos han comentado de una cl\u00ednica y no nos sorprende esta dram\u00e1tica situaci\u00f3n pero estamos haciendo todo para garantizar el acceso y la cobertura universal de toda la poblaci\u00f3n\u00bb. Y en ese sentido agreg\u00f3: \u00abComprometemos toda nuestra cooperaci\u00f3n tanto t\u00e9cnica como econ\u00f3mica sobre todo en este final de obra que se est\u00e1 planteando para el desarrollo del \u00e1rea de pediatr\u00eda desde la provincia podamos estar presentes en esto que es una pol\u00edtica sustancial, como lo ha definido Cecilio para su gesti\u00f3n\u00bb.<br \/>\nEn tanto, sobre la cl\u00ednica sostuvo: \u00abVa a llevar la necesidad de una mesa t\u00e9cnica para poder entender bien y para poder planificar y programar cu\u00e1l puede ser el mejor destino en el cual como provincia podamos acompa\u00f1ar\u00bb.<br \/>\nSeguidamente agreg\u00f3 que se va a \u00abacompa\u00f1ar lo que ellos han se\u00f1alado como elementos prioritarios para poder poner en marcha estas salas\u00bb (pediatr\u00eda) y \u00abpor otro lado, en lo que hace a la atenci\u00f3n primaria hay programas nacionales, que se llama Equipo Comunitario y otro que hace especial enfoque en enfermedades cr\u00f3nicas, como por ejemplo la diabetes, la hipertensi\u00f3n y otros factores de riesgo. Entonces lo que nosotros vamos a hacer es incluir a San Pedro dentro de los municipios para poder avanzar en el fortalecimiento de los centros de atenci\u00f3n primaria, que incluye desde el sistema de informaci\u00f3n hasta la mejora de los centros de salud y tambi\u00e9n otros fondos para poder promover pr\u00e1cticas de prevenci\u00f3n y promoci\u00f3n de la salud\u00bb.  <\/p>\n<p>Reuni\u00f3n con representantes de la Cl\u00ednica San Mart\u00edn<\/p>\n<p>Uno de los trabajadores acompa\u00f1ado de representantes gremiales de ATSA, en representaci\u00f3n de sus compa\u00f1eros, dijo: \u201cAyer nos hicieron una propuesta de abrir consultorios, pero sin internar. Quedar\u00eda la mitad del personal, la parte de enfermer\u00eda y cocina sin trabajar y por ah\u00ed lo que est\u00e1 faltando en San Pedro no son m\u00e1s consultorios, sino lugares de internaci\u00f3n y en la cl\u00ednica hay 35 camas disponibles\u201d.<br \/>\nY agreg\u00f3: \u201cLas instalaciones est\u00e1n cuidadas, que es lo que hicimos todo este tiempo\u201d y \u201cestamos esperando una buena soluci\u00f3n\u201d. \u201cAyer nos hicieron una propuesta, no saben cu\u00e1nto nos van a pagar, media jornada, en negro\u201d, sostuvo luego.<br \/>\nLuego de escuchar atentamente el relato, la funcionaria provincial, dijo: \u201cLamento mucho por la situaci\u00f3n que est\u00e1n pasando, ver gente que tenga vocaci\u00f3n de servicio que est\u00e9 pasando por esta situaci\u00f3n despu\u00e9s de haber hecho una entrega de tantos a\u00f1os es realmente triste\u201d.<br \/>\nY seguidamente manifest\u00f3: \u201cAsumo que las personas accionistas de la cl\u00ednica de buena fe han tenido que tomar este tipo de decisiones de lo que significa hoy la inversi\u00f3n, el gasto en salud que son siempre recursos infinitos en relaci\u00f3n a las necesidades\u201d.<br \/>\nMomento despu\u00e9s, expres\u00f3: \u201cHay una decisi\u00f3n del intendente en este caso de pedir la participaci\u00f3n en el diagn\u00f3stico y an\u00e1lisis de situaci\u00f3n de lo que est\u00e1 pasando al Ministerio de Salud de la Provincia, y es por eso que vamos a tener una reuni\u00f3n con la gente que va a ir a La Plata con un equipo t\u00e9cnico para en funci\u00f3n de eso poder darles una respuesta\u201d. \u201cVamos a acompa\u00f1ar este proceso, doloroso por ahora, pero que puede salir adelante\u201d, alent\u00f3. <\/p>\n","protected":false},"excerpt":{"rendered":"<p>Ayer por la tarde, Zulma Ortiz estuvo en la ciudad, donde pudo tener un intercambio con el intendente Salazar y con sus colaboradores en la cartera sanitaria municipal. Comprometi\u00f3 la colaboraci\u00f3n para que se puedan culminar las obras en el ala de pediatr\u00eda del Hospital y tambi\u00e9n recibi\u00f3 a representantes de los trabajadores de la [&hellip;]<\/p>\n","protected":false},"author":4,"featured_media":7530,"comment_status":"open","ping_status":"closed","sticky":false,"template":"","format":"standard","meta":{"om_disable_all_campaigns":false,"_jetpack_memberships_contains_paid_content":false,"footnotes":""},"categories":[50,101,2],"tags":[],"class_list":["post-7529","post","type-post","status-publish","format-standard","has-post-thumbnail","hentry","category-destacadas","category-interes-general-locales","category-locales"],"aioseo_notices":[],"gutentor_comment":0,"jetpack_featured_media_url":"https:\/\/eldiariodesanpedro.com.ar\/sitio\/wp-content\/uploads\/2016\/08\/PAGINA-3-17.jpg","jetpack_shortlink":"https:\/\/wp.me\/p6RhLt-1Xr","jetpack_sharing_enabled":true,"_links":{"self":[{"href":"https:\/\/eldiariodesanpedro.com.ar\/sitio\/wp-json\/wp\/v2\/posts\/7529","targetHints":{"allow":["GET"]}}],"collection":[{"href":"https:\/\/eldiariodesanpedro.com.ar\/sitio\/wp-json\/wp\/v2\/posts"}],"about":[{"href":"https:\/\/eldiariodesanpedro.com.ar\/sitio\/wp-json\/wp\/v2\/types\/post"}],"author":[{"embeddable":true,"href":"https:\/\/eldiariodesanpedro.com.ar\/sitio\/wp-json\/wp\/v2\/users\/4"}],"replies":[{"embeddable":true,"href":"https:\/\/eldiariodesanpedro.com.ar\/sitio\/wp-json\/wp\/v2\/comments?post=7529"}],"version-history":[{"count":1,"href":"https:\/\/eldiariodesanpedro.com.ar\/sitio\/wp-json\/wp\/v2\/posts\/7529\/revisions"}],"predecessor-version":[{"id":7531,"href":"https:\/\/eldiariodesanpedro.com.ar\/sitio\/wp-json\/wp\/v2\/posts\/7529\/revisions\/7531"}],"wp:featuredmedia":[{"embeddable":true,"href":"https:\/\/eldiariodesanpedro.com.ar\/sitio\/wp-json\/wp\/v2\/media\/7530"}],"wp:attachment":[{"href":"https:\/\/eldiariodesanpedro.com.ar\/sitio\/wp-json\/wp\/v2\/media?parent=7529"}],"wp:term":[{"taxonomy":"category","embeddable":true,"href":"https:\/\/eldiariodesanpedro.com.ar\/sitio\/wp-json\/wp\/v2\/categories?post=7529"},{"taxonomy":"post_tag","embeddable":true,"href":"https:\/\/eldiariodesanpedro.com.ar\/sitio\/wp-json\/wp\/v2\/tags?post=7529"}],"curies":[{"name":"wp","href":"https:\/\/api.w.org\/{rel}","templated":true}]}}