{"id":75271,"date":"2020-06-08T09:43:08","date_gmt":"2020-06-08T12:43:08","guid":{"rendered":"https:\/\/eldiariodesanpedro.com.ar\/sitio\/?p=75271"},"modified":"2020-06-08T09:43:12","modified_gmt":"2020-06-08T12:43:12","slug":"se-roban-una-moto-de-una-vivienda","status":"publish","type":"post","link":"https:\/\/eldiariodesanpedro.com.ar\/sitio\/se-roban-una-moto-de-una-vivienda\/","title":{"rendered":"Se roban una moto de una vivienda"},"content":{"rendered":"<!-- VideographyWP Plugin Message: Automatic video embedding prevented by plugin options. -->\n\n<p>En la jornada del domingo un vecino que noche dia anterior deja su motocicleta marca Honda CG 150 color roja y negra estacionada en el garaje de su domicilio ubicado en calle 48 al 1100, y que en horas de la ma\u00f1ana constata que ignorados se la hab\u00edan sustra\u00eddo.<\/p>\n","protected":false},"excerpt":{"rendered":"<p>En la jornada del domingo un vecino que noche dia anterior deja su motocicleta marca Honda CG 150 color roja y negra estacionada en el garaje de su domicilio ubicado en calle 48 al 1100, y que en horas de la ma\u00f1ana constata que ignorados se la hab\u00edan sustra\u00eddo.<\/p>\n","protected":false},"author":4,"featured_media":75119,"comment_status":"open","ping_status":"closed","sticky":false,"template":"","format":"standard","meta":{"om_disable_all_campaigns":false,"_jetpack_memberships_contains_paid_content":false,"footnotes":""},"categories":[2,103],"tags":[197,95,1402],"class_list":["post-75271","post","type-post","status-publish","format-standard","has-post-thumbnail","hentry","category-locales","category-policiales-locales","tag-buenos-aires","tag-policiales","tag-rono"],"aioseo_notices":[],"gutentor_comment":0,"jetpack_featured_media_url":"https:\/\/eldiariodesanpedro.com.ar\/sitio\/wp-content\/uploads\/2020\/06\/20200605_110716-scaled-e1591372952573.jpg","jetpack_shortlink":"https:\/\/wp.me\/p6RhLt-jA3","jetpack_sharing_enabled":true,"_links":{"self":[{"href":"https:\/\/eldiariodesanpedro.com.ar\/sitio\/wp-json\/wp\/v2\/posts\/75271","targetHints":{"allow":["GET"]}}],"collection":[{"href":"https:\/\/eldiariodesanpedro.com.ar\/sitio\/wp-json\/wp\/v2\/posts"}],"about":[{"href":"https:\/\/eldiariodesanpedro.com.ar\/sitio\/wp-json\/wp\/v2\/types\/post"}],"author":[{"embeddable":true,"href":"https:\/\/eldiariodesanpedro.com.ar\/sitio\/wp-json\/wp\/v2\/users\/4"}],"replies":[{"embeddable":true,"href":"https:\/\/eldiariodesanpedro.com.ar\/sitio\/wp-json\/wp\/v2\/comments?post=75271"}],"version-history":[{"count":1,"href":"https:\/\/eldiariodesanpedro.com.ar\/sitio\/wp-json\/wp\/v2\/posts\/75271\/revisions"}],"predecessor-version":[{"id":75272,"href":"https:\/\/eldiariodesanpedro.com.ar\/sitio\/wp-json\/wp\/v2\/posts\/75271\/revisions\/75272"}],"wp:featuredmedia":[{"embeddable":true,"href":"https:\/\/eldiariodesanpedro.com.ar\/sitio\/wp-json\/wp\/v2\/media\/75119"}],"wp:attachment":[{"href":"https:\/\/eldiariodesanpedro.com.ar\/sitio\/wp-json\/wp\/v2\/media?parent=75271"}],"wp:term":[{"taxonomy":"category","embeddable":true,"href":"https:\/\/eldiariodesanpedro.com.ar\/sitio\/wp-json\/wp\/v2\/categories?post=75271"},{"taxonomy":"post_tag","embeddable":true,"href":"https:\/\/eldiariodesanpedro.com.ar\/sitio\/wp-json\/wp\/v2\/tags?post=75271"}],"curies":[{"name":"wp","href":"https:\/\/api.w.org\/{rel}","templated":true}]}}