{"id":7527,"date":"2016-08-26T19:14:11","date_gmt":"2016-08-26T22:14:11","guid":{"rendered":"https:\/\/eldiariodesanpedro.com.ar\/sitio\/?p=7527"},"modified":"2016-08-26T19:14:11","modified_gmt":"2016-08-26T22:14:11","slug":"tareas-del-sector-electrico-de-coopser-4","status":"publish","type":"post","link":"https:\/\/eldiariodesanpedro.com.ar\/sitio\/tareas-del-sector-electrico-de-coopser-4\/","title":{"rendered":"Tareas del sector el\u00e9ctrico de COOPSER"},"content":{"rendered":"<p><!-- VideographyWP Plugin Message: Automatic video embedding prevented by plugin options. --><br \/>\nEl Departamento de Obras de COOPSER informa las obras en ejecuci\u00f3n o proyectadas para los pr\u00f3ximos d\u00edas en diferentes puntos del partido:<br \/>\nUna cuadrilla viene trabajando en la reestructuraci\u00f3n y recambio de 8 postes de media tensi\u00f3n en La Rosada. Contin\u00faan las actividades proyectadas para montar 24 luminarias con brazos de hierro y l\u00e1mparas de sodio en el loteo Terra Nostra-El Durazno llevando servicios a una cantidad cercana a los 180 usuarios y con un presupuesto de $ 305.000<br \/>\nSe trabaj\u00f3 en la restructuraci\u00f3n por mantenimiento preventivo, de una l\u00ednea de baja tensi\u00f3n en Litoral entre Italia y Laprida, cambiando conductores de convencionales a preensamblados.<br \/>\nEn otro trabajo solicitado por un particular, se construyen herrajes para el montaje de una nueva subestaci\u00f3n para 630KVA\/13,2-0,400-0,231KV con un presupuesto de $ 774.583,17.<br \/>\nOtro operativo similar se efect\u00faa en el proyecto Baires Tala para montar una nueva subestaci\u00f3n y equipos. Para la urbanizaci\u00f3n Brisas del Paran\u00e1, se efect\u00faan pozos e instalan postes y columnas para tendido de baja tensi\u00f3n.<br \/>\nCon un presupuesto de casi $2.000.000 se trabaja en el diagrama de alumbrado p\u00fablico con la reparaci\u00f3n de la subestaci\u00f3n del ACA R\u00edo Tala, que beneficiar\u00e1 a unos 100 usuarios.<br \/>\nFinalmente, contin\u00faa el proyecto GENSAR con la colocaci\u00f3n de herrajes y aisladores para el tendido de un conductor entre el km 168 y 170, reestructurando la l\u00ednea a\u00e9rea de media tensi\u00f3n para llevar mejoras en el servicio a unos 1800 socios de toda la zona y con un presupuesto de m\u00e1s de $600.000. Como siempre contin\u00faan los trabajos de mantenimiento del alumbrado p\u00fablico y otras necesidades cotidianas.<\/p>\n","protected":false},"excerpt":{"rendered":"<p>El Departamento de Obras de COOPSER informa las obras en ejecuci\u00f3n o proyectadas para los pr\u00f3ximos d\u00edas en diferentes puntos del partido: Una cuadrilla viene trabajando en la reestructuraci\u00f3n y recambio de 8 postes de media tensi\u00f3n en La Rosada. Contin\u00faan las actividades proyectadas para montar 24 luminarias con brazos de hierro y l\u00e1mparas de [&hellip;]<\/p>\n","protected":false},"author":4,"featured_media":2489,"comment_status":"open","ping_status":"closed","sticky":false,"template":"","format":"standard","meta":{"om_disable_all_campaigns":false,"_jetpack_memberships_contains_paid_content":false,"footnotes":""},"categories":[50,101,2],"tags":[],"class_list":["post-7527","post","type-post","status-publish","format-standard","has-post-thumbnail","hentry","category-destacadas","category-interes-general-locales","category-locales"],"aioseo_notices":[],"gutentor_comment":0,"jetpack_featured_media_url":"https:\/\/eldiariodesanpedro.com.ar\/sitio\/wp-content\/uploads\/2016\/03\/COOPSER.jpg","jetpack_shortlink":"https:\/\/wp.me\/p6RhLt-1Xp","jetpack_sharing_enabled":true,"_links":{"self":[{"href":"https:\/\/eldiariodesanpedro.com.ar\/sitio\/wp-json\/wp\/v2\/posts\/7527","targetHints":{"allow":["GET"]}}],"collection":[{"href":"https:\/\/eldiariodesanpedro.com.ar\/sitio\/wp-json\/wp\/v2\/posts"}],"about":[{"href":"https:\/\/eldiariodesanpedro.com.ar\/sitio\/wp-json\/wp\/v2\/types\/post"}],"author":[{"embeddable":true,"href":"https:\/\/eldiariodesanpedro.com.ar\/sitio\/wp-json\/wp\/v2\/users\/4"}],"replies":[{"embeddable":true,"href":"https:\/\/eldiariodesanpedro.com.ar\/sitio\/wp-json\/wp\/v2\/comments?post=7527"}],"version-history":[{"count":1,"href":"https:\/\/eldiariodesanpedro.com.ar\/sitio\/wp-json\/wp\/v2\/posts\/7527\/revisions"}],"predecessor-version":[{"id":7528,"href":"https:\/\/eldiariodesanpedro.com.ar\/sitio\/wp-json\/wp\/v2\/posts\/7527\/revisions\/7528"}],"wp:featuredmedia":[{"embeddable":true,"href":"https:\/\/eldiariodesanpedro.com.ar\/sitio\/wp-json\/wp\/v2\/media\/2489"}],"wp:attachment":[{"href":"https:\/\/eldiariodesanpedro.com.ar\/sitio\/wp-json\/wp\/v2\/media?parent=7527"}],"wp:term":[{"taxonomy":"category","embeddable":true,"href":"https:\/\/eldiariodesanpedro.com.ar\/sitio\/wp-json\/wp\/v2\/categories?post=7527"},{"taxonomy":"post_tag","embeddable":true,"href":"https:\/\/eldiariodesanpedro.com.ar\/sitio\/wp-json\/wp\/v2\/tags?post=7527"}],"curies":[{"name":"wp","href":"https:\/\/api.w.org\/{rel}","templated":true}]}}