{"id":75263,"date":"2020-06-08T08:45:23","date_gmt":"2020-06-08T11:45:23","guid":{"rendered":"https:\/\/eldiariodesanpedro.com.ar\/sitio\/?p=75263"},"modified":"2020-06-08T08:45:26","modified_gmt":"2020-06-08T11:45:26","slug":"perforando-un-pozo-de-agua-descubren-una-especie-desconocida-de-rana-prehistorica","status":"publish","type":"post","link":"https:\/\/eldiariodesanpedro.com.ar\/sitio\/perforando-un-pozo-de-agua-descubren-una-especie-desconocida-de-rana-prehistorica\/","title":{"rendered":"Perforando un pozo de agua descubren una especie desconocida de rana prehist\u00f3rica"},"content":{"rendered":"<!-- VideographyWP Plugin Message: Automatic video embedding prevented by plugin options. -->\n\n<p>El Museo Paleontol\u00f3gico de San Pedro informa que el f\u00f3sil tiene m\u00e1s de dos millones de a\u00f1os y proviene de una capa ubicada a 44 metros de profundidad.\u00a0<\/p>\n\n\n\n<p>Fue descubierto por Perforaciones Bast\u00eda en el predio de Agro Taurizano, en Paraje Tablas.<\/p>\n\n\n\n<p>Durante la perforaci\u00f3n de un pozo de agua, Roberto y Guillermo Bast\u00eda, dos trabajadores que se encontraban realizando tareas en el establecimiento de la empresa \u201cAgro Taurizano\u201d, ubicada en el Paraje Tablas, partido de San Pedro (Buenos Aires), observaron un peque\u00f1\u00edsimo hueso fosilizado entre las part\u00edculas de sedimento cobrizo que levantaba la mecha de la perforadora. Trepanando el suelo a 44 metros de profundidad, hab\u00edan removido parte del brazo de una especie desconocida de peque\u00f1a rana prehist\u00f3rica.<\/p>\n\n\n\n<p>El descubrimiento se dio a unos 10 kil\u00f3metros del casco urbano de la ciudad y se cree que los sedimentos de donde se extrajo el diminuto hueso f\u00f3sil fueron depositados en un lapso comprendido entre los 2 y los 2, 5 millones de a\u00f1os, es decir, durante la \u00faltima etapa del Plioceno. La preparaci\u00f3n y puesta en valor de la pieza f\u00f3sil estuvo a cargo del Museo Paleontol\u00f3gico de San Pedro, instituci\u00f3n donde quedar\u00e1 depositado.<\/p>\n\n\n\n<p>El Dr. Federico Agnolin, del Laboratorio de Anatom\u00eda Comparada del Museo<br>Argentino de Ciencias Naturales y la Fundaci\u00f3n F\u00e9lix de Azara, fue convocado por el equipo sampedrino para analizar el descubrimiento.<br>Seg\u00fan el paleont\u00f3logo \u201cse trata de un h\u00famero muy peque\u00f1o de un diminuto anfibio, distinto de los escuerzos y las ranas arbor\u00edcolas. Si bien no sabemos a\u00fan de qu\u00e9 especie se trata, dada su gran antig\u00fcedad y el desconocimiento casi total que tenemos sobre los anfibios de aquella \u00e9poca, es muy posible que sea una especie nueva para la ciencia. Es poqu\u00edsimo lo que a\u00fan sabemos sobre ranas y sapos prehist\u00f3ricos, por lo que este hallazgo realizado en San Pedro, aunque sea un hueso aislado, es de vital importancia. Las ranas y sapos son muy sensibles a las modificaciones clim\u00e1ticas y ambientales, por lo que son fuente importante de informaci\u00f3n para comprender los climas del pasado\u201d.<\/p>\n\n\n\n<p>En lo que respecta al contexto geol\u00f3gico del descubrimiento, el Dr. Fernando Pereyra, desde la Direcci\u00f3n de Geolog\u00eda Ambiental y Aplicada, perteneciente al Servicio Geol\u00f3gico Minero Argentino (SEGEMAR), comenta sobre lo que subyace bajo nuestros pies a esa profundidad. Seg\u00fan sus palabras \u201csobre las arenas Puelches o formaci\u00f3n Puelche, las cuales representan el principal reservorio acu\u00edfero subterr\u00e1neo de la regi\u00f3n se encuentran los dep\u00f3sitos del Pampeano.<br>El Pampeano se encuentra compuesto por dep\u00f3sitos de origen e\u00f3lico, de tama\u00f1o esencialmente limoso (como talco), que es conocido como loess. Est\u00e1 dividido en dos formaciones: Ensenada, la m\u00e1s antigua y Buenos Aires, la m\u00e1s moderna.<br>Pleistoceno Inferior y superior respectivamente.<br>En la base de la Formaci\u00f3n Ensenada, a unos 45 m de profundidad, por debajo de los niveles que se ven en la barranca de la zona de San Pedro, se encuentran unos dep\u00f3sitos m\u00e1s arcillosos que hacen de sello hidr\u00e1ulico a las arenas Puelches. Por encima de estas arcillas se encuentran los t\u00edpicos sedimentos lo\u00e9ssicos en los cuales han sido hallados, en la perforaci\u00f3n que buscaba agua, los restos f\u00f3siles de esta especie desconocida de rana prehist\u00f3rica cuya antig\u00fcedad estimamos entre 2 y 2,5 millones de a\u00f1os\u201d.<\/p>\n\n\n\n<p>El fr\u00e1gil hueso pudo ser identificado gracias a que los anuros, grupo al que pertenecen sapos y ranas, poseen una estructura en forma de peque\u00f1a \u201cbolita\u201d en el extremo distal del h\u00famero, en la articulaci\u00f3n que forma el codo, que parecer\u00eda ser una adaptaci\u00f3n para el salto. Una estructura esf\u00e9rica que proporciona gran agilidad a la hora de realizar movimientos r\u00e1pidos.<\/p>\n\n\n\n<p>Desde la Direcci\u00f3n del Museo Paleontol\u00f3gico de San Pedro, Jos\u00e9 Luis Aguilar comenta que \u201cla presencia de esta rana desconocida no tiene antecedentes en el registro f\u00f3sil para el centro de Argentina. No se conocen ranas f\u00f3siles que provengan de la base de la formaci\u00f3n Ensenada, nivel de la que se extrajo el ejemplar descubierto en San Pedro. La informaci\u00f3n que se ten\u00eda sobre estos anfibios era pr\u00e1cticamente nula para este per\u00edodo. Ahora se agrega este hueso f\u00f3sil que, seg\u00fan vemos, perteneci\u00f3 a un animal muy peque\u00f1o. Estimamos que podr\u00eda haber medido unos 3 cent\u00edmetros de hocico a rabo.<br>Este hallazgo tiene aristas muy pintorescas y llamativas. Bajar una mecha hasta 44 metros de profundidad y dar con el h\u00famero de una especie desconocida de rana que vivi\u00f3 hace dos millones de a\u00f1os, no es algo que suceda todos los d\u00edas. Por otro lado, el gran poder de observaci\u00f3n de la familia Bast\u00eda es asombroso. No todo el mundo logra ver un f\u00f3sil de unos pocos mil\u00edmetros entre los sedimentos de una perforaci\u00f3n. Y por \u00faltimo, poder conocer la existencia de una nueva especie de anfibio proveniente de finales del Plioceno-principio del Pleistoceno es un aporte muy importante para la paleontolog\u00eda Argentina\u201d.<\/p>\n\n\n\n<figure class=\"wp-block-image size-large\"><img decoding=\"async\" width=\"800\" height=\"556\" data-attachment-id=\"75267\" data-permalink=\"https:\/\/eldiariodesanpedro.com.ar\/sitio\/perforando-un-pozo-de-agua-descubren-una-especie-desconocida-de-rana-prehistorica\/rana-fosil-san-pedro2020\/\" data-orig-file=\"https:\/\/eldiariodesanpedro.com.ar\/sitio\/wp-content\/uploads\/2020\/06\/RANA-F\u00d3SIL-SAN-PEDRO2020.jpg\" data-orig-size=\"800,556\" data-comments-opened=\"1\" data-image-meta=\"{&quot;aperture&quot;:&quot;0&quot;,&quot;credit&quot;:&quot;&quot;,&quot;camera&quot;:&quot;&quot;,&quot;caption&quot;:&quot;&quot;,&quot;created_timestamp&quot;:&quot;0&quot;,&quot;copyright&quot;:&quot;&quot;,&quot;focal_length&quot;:&quot;0&quot;,&quot;iso&quot;:&quot;0&quot;,&quot;shutter_speed&quot;:&quot;0&quot;,&quot;title&quot;:&quot;&quot;,&quot;orientation&quot;:&quot;0&quot;}\" data-image-title=\"RANA F\u00d3SIL-SAN PEDRO2020\" data-image-description=\"\" data-image-caption=\"\" data-large-file=\"https:\/\/eldiariodesanpedro.com.ar\/sitio\/wp-content\/uploads\/2020\/06\/RANA-F\u00d3SIL-SAN-PEDRO2020.jpg\" data-src=\"https:\/\/eldiariodesanpedro.com.ar\/sitio\/wp-content\/uploads\/2020\/06\/RANA-F\u00d3SIL-SAN-PEDRO2020.jpg\" alt=\"\" class=\"wp-image-75267 lazyload\" data-srcset=\"https:\/\/eldiariodesanpedro.com.ar\/sitio\/wp-content\/uploads\/2020\/06\/RANA-F\u00d3SIL-SAN-PEDRO2020.jpg 800w, https:\/\/eldiariodesanpedro.com.ar\/sitio\/wp-content\/uploads\/2020\/06\/RANA-F\u00d3SIL-SAN-PEDRO2020-300x209.jpg 300w, https:\/\/eldiariodesanpedro.com.ar\/sitio\/wp-content\/uploads\/2020\/06\/RANA-F\u00d3SIL-SAN-PEDRO2020-768x534.jpg 768w\" data-sizes=\"(max-width: 800px) 100vw, 800px\" src=\"data:image\/svg+xml;base64,PHN2ZyB3aWR0aD0iMSIgaGVpZ2h0PSIxIiB4bWxucz0iaHR0cDovL3d3dy53My5vcmcvMjAwMC9zdmciPjwvc3ZnPg==\" style=\"--smush-placeholder-width: 800px; --smush-placeholder-aspect-ratio: 800\/556;\" \/><\/figure>\n\n\n\n<figure class=\"wp-block-image size-large\"><img decoding=\"async\" width=\"480\" height=\"463\" data-attachment-id=\"75266\" data-permalink=\"https:\/\/eldiariodesanpedro.com.ar\/sitio\/perforando-un-pozo-de-agua-descubren-una-especie-desconocida-de-rana-prehistorica\/lugar-agro-taurizano\/\" data-orig-file=\"https:\/\/eldiariodesanpedro.com.ar\/sitio\/wp-content\/uploads\/2020\/06\/LUGAR-AGRO-TAURIZANO.jpg\" data-orig-size=\"480,463\" data-comments-opened=\"1\" data-image-meta=\"{&quot;aperture&quot;:&quot;0&quot;,&quot;credit&quot;:&quot;&quot;,&quot;camera&quot;:&quot;&quot;,&quot;caption&quot;:&quot;&quot;,&quot;created_timestamp&quot;:&quot;0&quot;,&quot;copyright&quot;:&quot;&quot;,&quot;focal_length&quot;:&quot;0&quot;,&quot;iso&quot;:&quot;0&quot;,&quot;shutter_speed&quot;:&quot;0&quot;,&quot;title&quot;:&quot;&quot;,&quot;orientation&quot;:&quot;1&quot;}\" data-image-title=\"LUGAR AGRO TAURIZANO\" data-image-description=\"\" data-image-caption=\"\" data-large-file=\"https:\/\/eldiariodesanpedro.com.ar\/sitio\/wp-content\/uploads\/2020\/06\/LUGAR-AGRO-TAURIZANO.jpg\" data-src=\"https:\/\/eldiariodesanpedro.com.ar\/sitio\/wp-content\/uploads\/2020\/06\/LUGAR-AGRO-TAURIZANO.jpg\" alt=\"\" class=\"wp-image-75266 lazyload\" data-srcset=\"https:\/\/eldiariodesanpedro.com.ar\/sitio\/wp-content\/uploads\/2020\/06\/LUGAR-AGRO-TAURIZANO.jpg 480w, https:\/\/eldiariodesanpedro.com.ar\/sitio\/wp-content\/uploads\/2020\/06\/LUGAR-AGRO-TAURIZANO-300x289.jpg 300w\" data-sizes=\"(max-width: 480px) 100vw, 480px\" src=\"data:image\/svg+xml;base64,PHN2ZyB3aWR0aD0iMSIgaGVpZ2h0PSIxIiB4bWxucz0iaHR0cDovL3d3dy53My5vcmcvMjAwMC9zdmciPjwvc3ZnPg==\" style=\"--smush-placeholder-width: 480px; --smush-placeholder-aspect-ratio: 480\/463;\" \/><\/figure>\n\n\n\n<figure class=\"wp-block-image size-large\"><img decoding=\"async\" width=\"1024\" height=\"804\" data-attachment-id=\"75265\" data-permalink=\"https:\/\/eldiariodesanpedro.com.ar\/sitio\/perforando-un-pozo-de-agua-descubren-una-especie-desconocida-de-rana-prehistorica\/humero-hallado\/\" data-orig-file=\"https:\/\/eldiariodesanpedro.com.ar\/sitio\/wp-content\/uploads\/2020\/06\/H\u00daMERO-HALLADO.jpg\" data-orig-size=\"1375,1080\" data-comments-opened=\"1\" data-image-meta=\"{&quot;aperture&quot;:&quot;2&quot;,&quot;credit&quot;:&quot;&quot;,&quot;camera&quot;:&quot;LG-X230&quot;,&quot;caption&quot;:&quot;&quot;,&quot;created_timestamp&quot;:&quot;1591124568&quot;,&quot;copyright&quot;:&quot;&quot;,&quot;focal_length&quot;:&quot;3.5&quot;,&quot;iso&quot;:&quot;207&quot;,&quot;shutter_speed&quot;:&quot;0.059998&quot;,&quot;title&quot;:&quot;&quot;,&quot;orientation&quot;:&quot;1&quot;}\" data-image-title=\"H\u00daMERO HALLADO\" data-image-description=\"\" data-image-caption=\"\" data-large-file=\"https:\/\/eldiariodesanpedro.com.ar\/sitio\/wp-content\/uploads\/2020\/06\/H\u00daMERO-HALLADO-1024x804.jpg\" data-src=\"https:\/\/eldiariodesanpedro.com.ar\/sitio\/wp-content\/uploads\/2020\/06\/H\u00daMERO-HALLADO-1024x804.jpg\" alt=\"\" class=\"wp-image-75265 lazyload\" data-srcset=\"https:\/\/eldiariodesanpedro.com.ar\/sitio\/wp-content\/uploads\/2020\/06\/H\u00daMERO-HALLADO-1024x804.jpg 1024w, https:\/\/eldiariodesanpedro.com.ar\/sitio\/wp-content\/uploads\/2020\/06\/H\u00daMERO-HALLADO-300x236.jpg 300w, https:\/\/eldiariodesanpedro.com.ar\/sitio\/wp-content\/uploads\/2020\/06\/H\u00daMERO-HALLADO-768x603.jpg 768w, https:\/\/eldiariodesanpedro.com.ar\/sitio\/wp-content\/uploads\/2020\/06\/H\u00daMERO-HALLADO.jpg 1375w\" data-sizes=\"(max-width: 1024px) 100vw, 1024px\" src=\"data:image\/svg+xml;base64,PHN2ZyB3aWR0aD0iMSIgaGVpZ2h0PSIxIiB4bWxucz0iaHR0cDovL3d3dy53My5vcmcvMjAwMC9zdmciPjwvc3ZnPg==\" style=\"--smush-placeholder-width: 1024px; --smush-placeholder-aspect-ratio: 1024\/804;\" \/><\/figure>\n\n\n\n<figure class=\"wp-block-image size-large\"><img decoding=\"async\" width=\"731\" height=\"632\" data-attachment-id=\"75264\" data-permalink=\"https:\/\/eldiariodesanpedro.com.ar\/sitio\/perforando-un-pozo-de-agua-descubren-una-especie-desconocida-de-rana-prehistorica\/humero-alfiler\/\" data-orig-file=\"https:\/\/eldiariodesanpedro.com.ar\/sitio\/wp-content\/uploads\/2020\/06\/h\u00famero-alfiler.jpg\" data-orig-size=\"731,632\" data-comments-opened=\"1\" data-image-meta=\"{&quot;aperture&quot;:&quot;20&quot;,&quot;credit&quot;:&quot;&quot;,&quot;camera&quot;:&quot;NIKON D500&quot;,&quot;caption&quot;:&quot;&quot;,&quot;created_timestamp&quot;:&quot;1530726700&quot;,&quot;copyright&quot;:&quot;&quot;,&quot;focal_length&quot;:&quot;60&quot;,&quot;iso&quot;:&quot;10000&quot;,&quot;shutter_speed&quot;:&quot;0.003125&quot;,&quot;title&quot;:&quot;&quot;,&quot;orientation&quot;:&quot;1&quot;}\" data-image-title=\"h\u00famero-alfiler\" data-image-description=\"\" data-image-caption=\"\" data-large-file=\"https:\/\/eldiariodesanpedro.com.ar\/sitio\/wp-content\/uploads\/2020\/06\/h\u00famero-alfiler.jpg\" data-src=\"https:\/\/eldiariodesanpedro.com.ar\/sitio\/wp-content\/uploads\/2020\/06\/h\u00famero-alfiler.jpg\" alt=\"\" class=\"wp-image-75264 lazyload\" data-srcset=\"https:\/\/eldiariodesanpedro.com.ar\/sitio\/wp-content\/uploads\/2020\/06\/h\u00famero-alfiler.jpg 731w, https:\/\/eldiariodesanpedro.com.ar\/sitio\/wp-content\/uploads\/2020\/06\/h\u00famero-alfiler-300x259.jpg 300w\" data-sizes=\"(max-width: 731px) 100vw, 731px\" src=\"data:image\/svg+xml;base64,PHN2ZyB3aWR0aD0iMSIgaGVpZ2h0PSIxIiB4bWxucz0iaHR0cDovL3d3dy53My5vcmcvMjAwMC9zdmciPjwvc3ZnPg==\" style=\"--smush-placeholder-width: 731px; --smush-placeholder-aspect-ratio: 731\/632;\" \/><\/figure>\n","protected":false},"excerpt":{"rendered":"<p>El Museo Paleontol\u00f3gico de San Pedro informa que el f\u00f3sil tiene m\u00e1s de dos millones de a\u00f1os y proviene de una capa ubicada a 44 metros de profundidad.\u00a0 Fue descubierto por Perforaciones Bast\u00eda en el predio de Agro Taurizano, en Paraje Tablas. Durante la perforaci\u00f3n de un pozo de agua, Roberto y Guillermo Bast\u00eda, dos [&hellip;]<\/p>\n","protected":false},"author":4,"featured_media":75268,"comment_status":"open","ping_status":"closed","sticky":false,"template":"","format":"standard","meta":{"om_disable_all_campaigns":false,"_jetpack_memberships_contains_paid_content":false,"footnotes":""},"categories":[101,2],"tags":[],"class_list":["post-75263","post","type-post","status-publish","format-standard","has-post-thumbnail","hentry","category-interes-general-locales","category-locales"],"aioseo_notices":[],"gutentor_comment":0,"jetpack_featured_media_url":"https:\/\/eldiariodesanpedro.com.ar\/sitio\/wp-content\/uploads\/2020\/06\/MOMENTO.jpg","jetpack_shortlink":"https:\/\/wp.me\/p6RhLt-jzV","jetpack_sharing_enabled":true,"_links":{"self":[{"href":"https:\/\/eldiariodesanpedro.com.ar\/sitio\/wp-json\/wp\/v2\/posts\/75263","targetHints":{"allow":["GET"]}}],"collection":[{"href":"https:\/\/eldiariodesanpedro.com.ar\/sitio\/wp-json\/wp\/v2\/posts"}],"about":[{"href":"https:\/\/eldiariodesanpedro.com.ar\/sitio\/wp-json\/wp\/v2\/types\/post"}],"author":[{"embeddable":true,"href":"https:\/\/eldiariodesanpedro.com.ar\/sitio\/wp-json\/wp\/v2\/users\/4"}],"replies":[{"embeddable":true,"href":"https:\/\/eldiariodesanpedro.com.ar\/sitio\/wp-json\/wp\/v2\/comments?post=75263"}],"version-history":[{"count":1,"href":"https:\/\/eldiariodesanpedro.com.ar\/sitio\/wp-json\/wp\/v2\/posts\/75263\/revisions"}],"predecessor-version":[{"id":75269,"href":"https:\/\/eldiariodesanpedro.com.ar\/sitio\/wp-json\/wp\/v2\/posts\/75263\/revisions\/75269"}],"wp:featuredmedia":[{"embeddable":true,"href":"https:\/\/eldiariodesanpedro.com.ar\/sitio\/wp-json\/wp\/v2\/media\/75268"}],"wp:attachment":[{"href":"https:\/\/eldiariodesanpedro.com.ar\/sitio\/wp-json\/wp\/v2\/media?parent=75263"}],"wp:term":[{"taxonomy":"category","embeddable":true,"href":"https:\/\/eldiariodesanpedro.com.ar\/sitio\/wp-json\/wp\/v2\/categories?post=75263"},{"taxonomy":"post_tag","embeddable":true,"href":"https:\/\/eldiariodesanpedro.com.ar\/sitio\/wp-json\/wp\/v2\/tags?post=75263"}],"curies":[{"name":"wp","href":"https:\/\/api.w.org\/{rel}","templated":true}]}}