{"id":7524,"date":"2016-08-26T19:12:40","date_gmt":"2016-08-26T22:12:40","guid":{"rendered":"https:\/\/eldiariodesanpedro.com.ar\/sitio\/?p=7524"},"modified":"2016-08-26T19:12:40","modified_gmt":"2016-08-26T22:12:40","slug":"monfasani-considera-que-las-pensiones-sociales-deben-ajustarse-al-salario-minimo","status":"publish","type":"post","link":"https:\/\/eldiariodesanpedro.com.ar\/sitio\/monfasani-considera-que-las-pensiones-sociales-deben-ajustarse-al-salario-minimo\/","title":{"rendered":"Monfasani considera que las pensiones sociales deben ajustarse al salario m\u00ednimo"},"content":{"rendered":"<p><!-- VideographyWP Plugin Message: Automatic video embedding prevented by plugin options. --><br \/>\nEl proyecto de ley presentado d\u00edas pasados por el diputado provincial del Frente Renovador Daniel Monfasani tiene como objetivo una reforma sustancial del art\u00edculo 9\u00b0 de la Ley 10.205, en lo que refiere al componente monetario del haber pensionario all\u00ed consagrado.<br \/>\nCabe recordar que dicha norma establece el r\u00e9gimen de pensiones sociales no contributivas que el Estado provincial acuerda a los sectores de nuestra sociedad que no pueden valerse por s\u00ed mismos para cubrir las m\u00ednimas necesidades de subsistencia, atenci\u00f3n de la salud, vivienda y esparcimiento.<br \/>\nEn concreto, el art\u00edculo en cuesti\u00f3n determina que el monto de las pensiones sociales ser\u00e1 equivalente al setenta (70) por ciento del haber jubilatorio m\u00ednimo vigente para los beneficiarios del Instituto de Previsi\u00f3n Social de la provincia de Buenos Aires, exceptu\u00e1ndose las pensiones a los ni\u00f1os, ni\u00f1as y adolescentes discapacitados, cuyo monto equivaldr\u00e1 al ciento por ciento (100%).<br \/>\nAl respecto, Monfasani consider\u00f3 necesario modificar dicha ley \u201cdebido al contexto social cr\u00edtico que viven los bonaerenses en la actualidad y entendiendo que los porcentajes establecidos no logran cumplir los objetivos, estimamos necesario y oportuno progresar con la modificaci\u00f3n del mentado articulado, de modo de alcanzar y satisfacer las necesidades sociales comprometidas\u201d.<br \/>\n\u201cA partir de este proyecto, proponemos determinar como par\u00e1metro de referencia monetaria el Salario M\u00ednimo Vital y M\u00f3vil, disponiendo un porcentual de afectaci\u00f3n equivalente al cincuenta (50) por ciento, pretendiendo que el par\u00e1metro de equivalencia sea de aplicaci\u00f3n para todas las categor\u00edas pensionarias\u201d, prosigui\u00f3 explicando el legislador oriundo de San Pedro.<br \/>\nEs por esta raz\u00f3n que el dirigente del Frente Renovador interpreta que la presente iniciativa \u201crepresenta un acto de absoluta justicia, que permitir\u00e1 aliviar la dif\u00edcil situaci\u00f3n del sector m\u00e1s vulnerable de nuestra Provincia\u201d.<br \/>\nLos valores que se pretenden son los siguientes:<\/p>\n<p>Mes                                   Monto vigente              Salario, Vital y M\u00f3vil    Proyecto de Ley (50%)<br \/>\nJunio 2016                              $ 6.810                                   $ 3.405<br \/>\nSeptiembre 2016                         $ 7.560                                   $ 3.780<br \/>\nEnero 2017                              $ 8.060                                   $ 4.030<\/p>\n","protected":false},"excerpt":{"rendered":"<p>El proyecto de ley presentado d\u00edas pasados por el diputado provincial del Frente Renovador Daniel Monfasani tiene como objetivo una reforma sustancial del art\u00edculo 9\u00b0 de la Ley 10.205, en lo que refiere al componente monetario del haber pensionario all\u00ed consagrado. Cabe recordar que dicha norma establece el r\u00e9gimen de pensiones sociales no contributivas que [&hellip;]<\/p>\n","protected":false},"author":4,"featured_media":7525,"comment_status":"open","ping_status":"closed","sticky":false,"template":"","format":"standard","meta":{"om_disable_all_campaigns":false,"_jetpack_memberships_contains_paid_content":false,"footnotes":""},"categories":[101,2],"tags":[],"class_list":["post-7524","post","type-post","status-publish","format-standard","has-post-thumbnail","hentry","category-interes-general-locales","category-locales"],"aioseo_notices":[],"gutentor_comment":0,"jetpack_featured_media_url":"https:\/\/eldiariodesanpedro.com.ar\/sitio\/wp-content\/uploads\/2016\/08\/PAGINA-4-12.jpg","jetpack_shortlink":"https:\/\/wp.me\/p6RhLt-1Xm","jetpack_sharing_enabled":true,"_links":{"self":[{"href":"https:\/\/eldiariodesanpedro.com.ar\/sitio\/wp-json\/wp\/v2\/posts\/7524","targetHints":{"allow":["GET"]}}],"collection":[{"href":"https:\/\/eldiariodesanpedro.com.ar\/sitio\/wp-json\/wp\/v2\/posts"}],"about":[{"href":"https:\/\/eldiariodesanpedro.com.ar\/sitio\/wp-json\/wp\/v2\/types\/post"}],"author":[{"embeddable":true,"href":"https:\/\/eldiariodesanpedro.com.ar\/sitio\/wp-json\/wp\/v2\/users\/4"}],"replies":[{"embeddable":true,"href":"https:\/\/eldiariodesanpedro.com.ar\/sitio\/wp-json\/wp\/v2\/comments?post=7524"}],"version-history":[{"count":1,"href":"https:\/\/eldiariodesanpedro.com.ar\/sitio\/wp-json\/wp\/v2\/posts\/7524\/revisions"}],"predecessor-version":[{"id":7526,"href":"https:\/\/eldiariodesanpedro.com.ar\/sitio\/wp-json\/wp\/v2\/posts\/7524\/revisions\/7526"}],"wp:featuredmedia":[{"embeddable":true,"href":"https:\/\/eldiariodesanpedro.com.ar\/sitio\/wp-json\/wp\/v2\/media\/7525"}],"wp:attachment":[{"href":"https:\/\/eldiariodesanpedro.com.ar\/sitio\/wp-json\/wp\/v2\/media?parent=7524"}],"wp:term":[{"taxonomy":"category","embeddable":true,"href":"https:\/\/eldiariodesanpedro.com.ar\/sitio\/wp-json\/wp\/v2\/categories?post=7524"},{"taxonomy":"post_tag","embeddable":true,"href":"https:\/\/eldiariodesanpedro.com.ar\/sitio\/wp-json\/wp\/v2\/tags?post=7524"}],"curies":[{"name":"wp","href":"https:\/\/api.w.org\/{rel}","templated":true}]}}