{"id":75237,"date":"2020-06-07T11:53:37","date_gmt":"2020-06-07T14:53:37","guid":{"rendered":"https:\/\/eldiariodesanpedro.com.ar\/sitio\/?p=75237"},"modified":"2020-06-07T11:53:41","modified_gmt":"2020-06-07T14:53:41","slug":"nuevos-respiradores-y-un-carro-de-paro-en-sanatorio-coopser-2","status":"publish","type":"post","link":"https:\/\/eldiariodesanpedro.com.ar\/sitio\/nuevos-respiradores-y-un-carro-de-paro-en-sanatorio-coopser-2\/","title":{"rendered":"Nuevos respiradores y un carro de paro en Sanatorio Coopser"},"content":{"rendered":"<!-- VideographyWP Plugin Message: Automatic video embedding prevented by plugin options. -->\n\n<p>El Consejo de Administraci\u00f3n de COOPSER, informa que se han adquirido\u00a0dos nuevos respiradores artificiales\u00a0para el Sanatorio, uno de los cuales ya ha sido instalado esta ma\u00f1ana, sum\u00e1ndose al equipamiento existente en el Servicio de Terapia Intensiva que totalizar\u00e1 de este modo,\u00a0cinco unidades. Adem\u00e1s se ha incorporado un nuevo\u00a0Carro de Atenci\u00f3n para Paros Cardiorespiratorios\u00a0de \u00faltima generaci\u00f3n.<\/p>\n\n\n\n<p>Estas novedades, junto a un trabajo intenso de planificaci\u00f3n desplegado durante las \u00faltimas semanas, est\u00e1n orientadas a fortalecer la infraestructura general, para atender las emergencias se generar\u00e1n cuando la circulaci\u00f3n del Coronavirus produzca casos en nuestra ciudad.<\/p>\n\n\n\n<p>Sanatorio Coopser agradece a todo su personal y a quienes en este momento tan especial se mantienen activos y en alerta para enfrentar una situaci\u00f3n que, esperamos resulte lo menos complicada para todos.\u00a0<\/p>\n\n\n\n<figure class=\"wp-block-image size-large\"><img decoding=\"async\" width=\"960\" height=\"1280\" data-attachment-id=\"75239\" data-permalink=\"https:\/\/eldiariodesanpedro.com.ar\/sitio\/nuevos-respiradores-y-un-carro-de-paro-en-sanatorio-coopser-2\/respiradorsanacoopser1-2\/\" data-orig-file=\"https:\/\/eldiariodesanpedro.com.ar\/sitio\/wp-content\/uploads\/2020\/06\/RespiradorSanaCoopser1.jpg\" data-orig-size=\"960,1280\" data-comments-opened=\"1\" data-image-meta=\"{&quot;aperture&quot;:&quot;0&quot;,&quot;credit&quot;:&quot;&quot;,&quot;camera&quot;:&quot;&quot;,&quot;caption&quot;:&quot;&quot;,&quot;created_timestamp&quot;:&quot;0&quot;,&quot;copyright&quot;:&quot;&quot;,&quot;focal_length&quot;:&quot;0&quot;,&quot;iso&quot;:&quot;0&quot;,&quot;shutter_speed&quot;:&quot;0&quot;,&quot;title&quot;:&quot;&quot;,&quot;orientation&quot;:&quot;0&quot;}\" data-image-title=\"RespiradorSanaCoopser1\" data-image-description=\"\" data-image-caption=\"\" data-large-file=\"https:\/\/eldiariodesanpedro.com.ar\/sitio\/wp-content\/uploads\/2020\/06\/RespiradorSanaCoopser1-768x1024.jpg\" data-src=\"https:\/\/i2.wp.com\/eldiariodesanpedro.com.ar\/sitio\/wp-content\/uploads\/2020\/06\/RespiradorSanaCoopser1.jpg?fit=640%2C853\" alt=\"\" class=\"wp-image-75239 lazyload\" data-srcset=\"https:\/\/eldiariodesanpedro.com.ar\/sitio\/wp-content\/uploads\/2020\/06\/RespiradorSanaCoopser1.jpg 960w, https:\/\/eldiariodesanpedro.com.ar\/sitio\/wp-content\/uploads\/2020\/06\/RespiradorSanaCoopser1-225x300.jpg 225w, https:\/\/eldiariodesanpedro.com.ar\/sitio\/wp-content\/uploads\/2020\/06\/RespiradorSanaCoopser1-768x1024.jpg 768w\" data-sizes=\"(max-width: 960px) 100vw, 960px\" src=\"data:image\/svg+xml;base64,PHN2ZyB3aWR0aD0iMSIgaGVpZ2h0PSIxIiB4bWxucz0iaHR0cDovL3d3dy53My5vcmcvMjAwMC9zdmciPjwvc3ZnPg==\" style=\"--smush-placeholder-width: 960px; --smush-placeholder-aspect-ratio: 960\/1280;\" \/><\/figure>\n","protected":false},"excerpt":{"rendered":"<p>El Consejo de Administraci\u00f3n de COOPSER, informa que se han adquirido\u00a0dos nuevos respiradores artificiales\u00a0para el Sanatorio, uno de los cuales ya ha sido instalado esta ma\u00f1ana, sum\u00e1ndose al equipamiento existente en el Servicio de Terapia Intensiva que totalizar\u00e1 de este modo,\u00a0cinco unidades. Adem\u00e1s se ha incorporado un nuevo\u00a0Carro de Atenci\u00f3n para Paros Cardiorespiratorios\u00a0de \u00faltima generaci\u00f3n. [&hellip;]<\/p>\n","protected":false},"author":4,"featured_media":75238,"comment_status":"open","ping_status":"closed","sticky":false,"template":"","format":"standard","meta":{"om_disable_all_campaigns":false,"_jetpack_memberships_contains_paid_content":false,"footnotes":""},"categories":[50,101,2],"tags":[197,1400,19],"class_list":["post-75237","post","type-post","status-publish","format-standard","has-post-thumbnail","hentry","category-destacadas","category-interes-general-locales","category-locales","tag-buenos-aires","tag-respiradores","tag-san-pedro"],"aioseo_notices":[],"gutentor_comment":0,"jetpack_featured_media_url":"https:\/\/eldiariodesanpedro.com.ar\/sitio\/wp-content\/uploads\/2020\/06\/RespiradorSanaCoopser.jpg","jetpack_shortlink":"https:\/\/wp.me\/p6RhLt-jzv","jetpack_sharing_enabled":true,"_links":{"self":[{"href":"https:\/\/eldiariodesanpedro.com.ar\/sitio\/wp-json\/wp\/v2\/posts\/75237","targetHints":{"allow":["GET"]}}],"collection":[{"href":"https:\/\/eldiariodesanpedro.com.ar\/sitio\/wp-json\/wp\/v2\/posts"}],"about":[{"href":"https:\/\/eldiariodesanpedro.com.ar\/sitio\/wp-json\/wp\/v2\/types\/post"}],"author":[{"embeddable":true,"href":"https:\/\/eldiariodesanpedro.com.ar\/sitio\/wp-json\/wp\/v2\/users\/4"}],"replies":[{"embeddable":true,"href":"https:\/\/eldiariodesanpedro.com.ar\/sitio\/wp-json\/wp\/v2\/comments?post=75237"}],"version-history":[{"count":1,"href":"https:\/\/eldiariodesanpedro.com.ar\/sitio\/wp-json\/wp\/v2\/posts\/75237\/revisions"}],"predecessor-version":[{"id":75240,"href":"https:\/\/eldiariodesanpedro.com.ar\/sitio\/wp-json\/wp\/v2\/posts\/75237\/revisions\/75240"}],"wp:featuredmedia":[{"embeddable":true,"href":"https:\/\/eldiariodesanpedro.com.ar\/sitio\/wp-json\/wp\/v2\/media\/75238"}],"wp:attachment":[{"href":"https:\/\/eldiariodesanpedro.com.ar\/sitio\/wp-json\/wp\/v2\/media?parent=75237"}],"wp:term":[{"taxonomy":"category","embeddable":true,"href":"https:\/\/eldiariodesanpedro.com.ar\/sitio\/wp-json\/wp\/v2\/categories?post=75237"},{"taxonomy":"post_tag","embeddable":true,"href":"https:\/\/eldiariodesanpedro.com.ar\/sitio\/wp-json\/wp\/v2\/tags?post=75237"}],"curies":[{"name":"wp","href":"https:\/\/api.w.org\/{rel}","templated":true}]}}