{"id":75233,"date":"2020-06-07T11:41:37","date_gmt":"2020-06-07T14:41:37","guid":{"rendered":"https:\/\/eldiariodesanpedro.com.ar\/sitio\/?p=75233"},"modified":"2020-06-07T11:41:40","modified_gmt":"2020-06-07T14:41:40","slug":"07-de-junio-dia-del-periodista","status":"publish","type":"post","link":"https:\/\/eldiariodesanpedro.com.ar\/sitio\/07-de-junio-dia-del-periodista\/","title":{"rendered":"07 de Junio, D\u00eda del Periodista"},"content":{"rendered":"<!-- VideographyWP Plugin Message: Automatic video embedding prevented by plugin options. -->\n\n<p>El 7 de junio se conmemora el \u201cD\u00eda del periodista\u201d en recuerdo que en ese d\u00eda de 1810 sale el peri\u00f3dico&nbsp;<em>\u00abLa Gazeta de Buenos Ayres\u00bb<\/em>. Muchos atribuyen equivocadamente su fundaci\u00f3n a Mariano Moreno, pero el peri\u00f3dico fue creado por decreto de la Primera Junta, dirigido por el padre Alberti y solventado por dineros p\u00fablicos (1). A su vez, muchos suponen que La Gazeta fue el primer peri\u00f3dico, y el propio Mariano Moreno el primer periodista. Sin embargo hubo otros anteriores.<\/p>\n\n\n\n<p>En 1764 ya circulaba de mano en mano un manuscrito con el mismo nombre, y el ejemplar m\u00e1s antiguo que se conoce corresponde al 19 de junio de ese a\u00f1o.<\/p>\n\n\n\n<p>En 1781 la \u201cImprenta de Ni\u00f1os Esp\u00f3sitos\u201d imprim\u00eda el bolet\u00edn&nbsp;<em>\u201cNoticias recibidas de Europa por el correo de Espa\u00f1a y la v\u00eda de Janeyro\u201d.<\/em><\/p>\n\n\n\n<p>En 1801, fundado por el espa\u00f1ol Antonio Cabello y Mena, se ediababa el&nbsp;<em>\u201cTel\u00e9grafo Mercantil\u201d<\/em>, cuyo subt\u00edtulo era&nbsp;<em>\u201cRural, pol\u00edtico-econ\u00f3mico e historiogr\u00e1fico de R\u00edo de la Plata\u201d<\/em>. Contaba con 149 suscriptores y una tirada los d\u00edas mi\u00e9rcoles, s\u00e1bados y domingos. Despu\u00e9s de 110 ediciones fue clausurado por el virrey del Pino el 8 de octubre de 1802, por un art\u00edculo sobre Malvinas, que el virrey consider\u00f3 agraviante.<\/p>\n\n\n\n<p>Tambien fueron anteriores al peri\u00f3dico de Moreno, el&nbsp;<em>\u201cSemanario de agricultura, industria y comercio\u201d<\/em>&nbsp;que apareci\u00f3 en septiembre de 1802 dirigido por Hip\u00f3lito Vieytes, y en mayo de 1807 se editaba en Montevideo&nbsp;<em>\u201cEstrella del Sur\u201d<\/em>, peri\u00f3dico biling\u00fce editado por ingleses, y que incentivaban la rebeli\u00f3n de pueblo.<\/p>\n\n\n\n<p>El 3 de marzo de 1810, y hasta el 23 de febrero de 1811, sali\u00f3 tambi\u00e9n el&nbsp;<em>\u201cCorreo de Comercio de Buenos Ayres\u00bb<\/em>, dirigido por Manuel Belgrano.<\/p>\n\n\n\n<p>Luego apareci\u00f3 el peri\u00f3dico&nbsp;<em>\u00abLa Gazeta de Buenos Ayres\u00bb<\/em>, el 7 junio de 1810. No era \u201cprensa independiente\u201d. Era un peri\u00f3dico oficial, creado por decreto de la Primera Junta y sostenido con fondos p\u00fablicos. En un editorial titulado&nbsp;<em>\u201cLa Libertad de escribir\u201d<\/em>, el mismo Moreno dec\u00eda que&nbsp;<em>\u201cDebe darse absoluta franquicia y libertad para hablar en todo asunto que no se oponga en modo alguno a las verdades santas de nuestra augusta religi\u00f3n y a las determinaciones del gobierno\u201d&nbsp;<\/em>, y para completarla, por decreto era de lectura obligatoria desde los p\u00falpitos de las iglesias.<\/p>\n\n\n\n<p><strong>El Sal\u00f3n Literario<\/strong><\/p>\n\n\n\n<p>En 1837 se inicia el \u201cSal\u00f3n Literario\u201d, donde se re\u00fanen el libreros Marcos Sastre y nombres como Jos\u00e9 M\u00e1rmol, Miguel Can\u00e9, Juan Bautista Alberdi, Esteban Echeverr\u00eda , Juan Mar\u00eda Guti\u00e9rrez, Carlos Tejedor y Vicente Fidel L\u00f3pez, entre otros. Se la conocer\u00eda como \u201cla generaci\u00f3n del 37\u201d. Admiradores de la civilizaci\u00f3n europea y francesa, entre otras cosas se dedicaban a escribir y publicar poemas en&nbsp;<em>\u201cLa Gaceta Mercantil\u201d<\/em>&nbsp;y en&nbsp;<em>\u201cEl diario de la Tarde\u201d<\/em>&nbsp;. En noviembre de 1837 aparece&nbsp;<em>\u201cLa Moda, gacet\u00edn semanal de m\u00fasica, de poes\u00eda, de literatura, de costumbres\u201d<\/em>, que entre otras cosas se dedicaba a comentar las tendencias de la moda femenina.<\/p>\n\n\n\n<p>En el discurso fundacional del Sal\u00f3nn Literario, Marcos Sastre expresaba:&nbsp;<em>\u201cTengo por indudable que estamos en la \u00e9poca m\u00e1s propia y que presenta m\u00e1s facilidades para dar un empuje fuerte a todo g\u00e9nero de progresos. El gran Rosas es el hombre elevado por la sola fuerza de su genio al alto grado de influencia de su fama\u2026Veo ya dispuesta a la nueva generaci\u00f3n a conocer todos los errores que han entorpecido el desarrollo intelectual\u201d.<\/em><\/p>\n\n\n\n<p>Pero no les durar\u00eda mucho el \u201crosismo\u201d a estas j\u00f3venes literatos afrancesados: al a\u00f1o siguiente Rosas los acusaba de conspiradores y traidores, porque apoyaron abiertamente a los civilizados franceses que bloquearon el R\u00edo de la Plata. Entonces Rosas pas\u00f3, de ser&nbsp;<em>\u201cel gran Rosas\u201d<\/em>, el&nbsp;<em>\u201chombre elevado\u201d<\/em>&nbsp;de&nbsp;<em>\u201cgenio alto\u201d<\/em>&nbsp;del a\u00f1o 37, a ser apenas un a\u00f1o m\u00e1s tarde&nbsp;<em>\u201cel tirano\u201d<\/em>, el&nbsp;<em>\u201cimb\u00e9cil\u201d<\/em>&nbsp;y el&nbsp;<em>\u201cmalvado\u201d<\/em>. La \u00faltima edici\u00f3n de \u201cLa Moda\u201d, dirigido por&nbsp;Alberdi, sali\u00f3 el 21 de abril de 1838.<\/p>\n","protected":false},"excerpt":{"rendered":"<p>El 7 de junio se conmemora el \u201cD\u00eda del periodista\u201d en recuerdo que en ese d\u00eda de 1810 sale el peri\u00f3dico&nbsp;\u00abLa Gazeta de Buenos Ayres\u00bb. Muchos atribuyen equivocadamente su fundaci\u00f3n a Mariano Moreno, pero el peri\u00f3dico fue creado por decreto de la Primera Junta, dirigido por el padre Alberti y solventado por dineros p\u00fablicos (1). [&hellip;]<\/p>\n","protected":false},"author":4,"featured_media":75235,"comment_status":"open","ping_status":"closed","sticky":false,"template":"","format":"standard","meta":{"om_disable_all_campaigns":false,"_jetpack_memberships_contains_paid_content":false,"footnotes":""},"categories":[50,101,2],"tags":[197],"class_list":["post-75233","post","type-post","status-publish","format-standard","has-post-thumbnail","hentry","category-destacadas","category-interes-general-locales","category-locales","tag-buenos-aires"],"aioseo_notices":[],"gutentor_comment":0,"jetpack_featured_media_url":"https:\/\/eldiariodesanpedro.com.ar\/sitio\/wp-content\/uploads\/2020\/06\/dxa-del-periodista_crop1591531581603.jpg_1734428432.jpg","jetpack_shortlink":"https:\/\/wp.me\/p6RhLt-jzr","jetpack_sharing_enabled":true,"_links":{"self":[{"href":"https:\/\/eldiariodesanpedro.com.ar\/sitio\/wp-json\/wp\/v2\/posts\/75233","targetHints":{"allow":["GET"]}}],"collection":[{"href":"https:\/\/eldiariodesanpedro.com.ar\/sitio\/wp-json\/wp\/v2\/posts"}],"about":[{"href":"https:\/\/eldiariodesanpedro.com.ar\/sitio\/wp-json\/wp\/v2\/types\/post"}],"author":[{"embeddable":true,"href":"https:\/\/eldiariodesanpedro.com.ar\/sitio\/wp-json\/wp\/v2\/users\/4"}],"replies":[{"embeddable":true,"href":"https:\/\/eldiariodesanpedro.com.ar\/sitio\/wp-json\/wp\/v2\/comments?post=75233"}],"version-history":[{"count":2,"href":"https:\/\/eldiariodesanpedro.com.ar\/sitio\/wp-json\/wp\/v2\/posts\/75233\/revisions"}],"predecessor-version":[{"id":75236,"href":"https:\/\/eldiariodesanpedro.com.ar\/sitio\/wp-json\/wp\/v2\/posts\/75233\/revisions\/75236"}],"wp:featuredmedia":[{"embeddable":true,"href":"https:\/\/eldiariodesanpedro.com.ar\/sitio\/wp-json\/wp\/v2\/media\/75235"}],"wp:attachment":[{"href":"https:\/\/eldiariodesanpedro.com.ar\/sitio\/wp-json\/wp\/v2\/media?parent=75233"}],"wp:term":[{"taxonomy":"category","embeddable":true,"href":"https:\/\/eldiariodesanpedro.com.ar\/sitio\/wp-json\/wp\/v2\/categories?post=75233"},{"taxonomy":"post_tag","embeddable":true,"href":"https:\/\/eldiariodesanpedro.com.ar\/sitio\/wp-json\/wp\/v2\/tags?post=75233"}],"curies":[{"name":"wp","href":"https:\/\/api.w.org\/{rel}","templated":true}]}}