{"id":75226,"date":"2020-06-06T14:11:01","date_gmt":"2020-06-06T17:11:01","guid":{"rendered":"https:\/\/eldiariodesanpedro.com.ar\/sitio\/?p=75226"},"modified":"2020-06-06T14:11:01","modified_gmt":"2020-06-06T17:11:01","slug":"zarate-se-busca-el-paradero-de-bianca-reynoso-de-21-anos-de-edad","status":"publish","type":"post","link":"https:\/\/eldiariodesanpedro.com.ar\/sitio\/zarate-se-busca-el-paradero-de-bianca-reynoso-de-21-anos-de-edad\/","title":{"rendered":"Z\u00c1RATE | Se busca el paradero de Bianca Reynoso, de 21 a\u00f1os de edad"},"content":{"rendered":"<!-- VideographyWP Plugin Message: Automatic video embedding prevented by plugin options. -->\n\n<p>Bianca Reynoso tiene 21 a\u00f1os de edad, es vecina de Z\u00e1rate, y se encuentra desaparecida. Mide 1,65 de altura aproximadamente, de tez blanca, de cabello corto de color casta\u00f1o, de contextura delgada quien vest\u00eda de calza de color rojo oscuro, una polera de color marr\u00f3n y sin calzado.<\/p>\n\n\n\n<p>Si sabes algo o conoces su ubicaci\u00f3n, contactate de inmediato al 911 o al 03487 422222 (Comisar\u00eda 1ra).<\/p>\n\n\n\n<div class=\"wp-block-image\"><figure class=\"aligncenter size-large\"><img decoding=\"async\" width=\"387\" height=\"960\" data-attachment-id=\"75227\" data-permalink=\"https:\/\/eldiariodesanpedro.com.ar\/sitio\/zarate-se-busca-el-paradero-de-bianca-reynoso-de-21-anos-de-edad\/102557793_917754758691384_1257543841668005039_o\/\" data-orig-file=\"https:\/\/eldiariodesanpedro.com.ar\/sitio\/wp-content\/uploads\/2020\/06\/102557793_917754758691384_1257543841668005039_o.jpg\" data-orig-size=\"387,960\" data-comments-opened=\"1\" data-image-meta=\"{&quot;aperture&quot;:&quot;0&quot;,&quot;credit&quot;:&quot;&quot;,&quot;camera&quot;:&quot;&quot;,&quot;caption&quot;:&quot;&quot;,&quot;created_timestamp&quot;:&quot;0&quot;,&quot;copyright&quot;:&quot;&quot;,&quot;focal_length&quot;:&quot;0&quot;,&quot;iso&quot;:&quot;0&quot;,&quot;shutter_speed&quot;:&quot;0&quot;,&quot;title&quot;:&quot;&quot;,&quot;orientation&quot;:&quot;0&quot;}\" data-image-title=\"102557793_917754758691384_1257543841668005039_o\" data-image-description=\"\" data-image-caption=\"\" data-large-file=\"https:\/\/eldiariodesanpedro.com.ar\/sitio\/wp-content\/uploads\/2020\/06\/102557793_917754758691384_1257543841668005039_o.jpg\" data-src=\"https:\/\/eldiariodesanpedro.com.ar\/sitio\/wp-content\/uploads\/2020\/06\/102557793_917754758691384_1257543841668005039_o.jpg\" alt=\"\" class=\"wp-image-75227 lazyload\" data-srcset=\"https:\/\/eldiariodesanpedro.com.ar\/sitio\/wp-content\/uploads\/2020\/06\/102557793_917754758691384_1257543841668005039_o.jpg 387w, https:\/\/eldiariodesanpedro.com.ar\/sitio\/wp-content\/uploads\/2020\/06\/102557793_917754758691384_1257543841668005039_o-121x300.jpg 121w\" data-sizes=\"(max-width: 387px) 100vw, 387px\" src=\"data:image\/svg+xml;base64,PHN2ZyB3aWR0aD0iMSIgaGVpZ2h0PSIxIiB4bWxucz0iaHR0cDovL3d3dy53My5vcmcvMjAwMC9zdmciPjwvc3ZnPg==\" style=\"--smush-placeholder-width: 387px; --smush-placeholder-aspect-ratio: 387\/960;\" \/><\/figure><\/div>\n","protected":false},"excerpt":{"rendered":"<p>Bianca Reynoso tiene 21 a\u00f1os de edad, es vecina de Z\u00e1rate, y se encuentra desaparecida. Mide 1,65 de altura aproximadamente, de tez blanca, de cabello corto de color casta\u00f1o, de contextura delgada quien vest\u00eda de calza de color rojo oscuro, una polera de color marr\u00f3n y sin calzado. Si sabes algo o conoces su ubicaci\u00f3n, [&hellip;]<\/p>\n","protected":false},"author":4,"featured_media":75228,"comment_status":"open","ping_status":"closed","sticky":false,"template":"","format":"standard","meta":{"om_disable_all_campaigns":false,"_jetpack_memberships_contains_paid_content":false,"footnotes":""},"categories":[621],"tags":[197,1014],"class_list":["post-75226","post","type-post","status-publish","format-standard","has-post-thumbnail","hentry","category-regionales","tag-buenos-aires","tag-busqueda"],"aioseo_notices":[],"gutentor_comment":0,"jetpack_featured_media_url":"https:\/\/eldiariodesanpedro.com.ar\/sitio\/wp-content\/uploads\/2020\/06\/Sin-t\u00edtulo-2-3.png","jetpack_shortlink":"https:\/\/wp.me\/p6RhLt-jzk","jetpack_sharing_enabled":true,"_links":{"self":[{"href":"https:\/\/eldiariodesanpedro.com.ar\/sitio\/wp-json\/wp\/v2\/posts\/75226","targetHints":{"allow":["GET"]}}],"collection":[{"href":"https:\/\/eldiariodesanpedro.com.ar\/sitio\/wp-json\/wp\/v2\/posts"}],"about":[{"href":"https:\/\/eldiariodesanpedro.com.ar\/sitio\/wp-json\/wp\/v2\/types\/post"}],"author":[{"embeddable":true,"href":"https:\/\/eldiariodesanpedro.com.ar\/sitio\/wp-json\/wp\/v2\/users\/4"}],"replies":[{"embeddable":true,"href":"https:\/\/eldiariodesanpedro.com.ar\/sitio\/wp-json\/wp\/v2\/comments?post=75226"}],"version-history":[{"count":1,"href":"https:\/\/eldiariodesanpedro.com.ar\/sitio\/wp-json\/wp\/v2\/posts\/75226\/revisions"}],"predecessor-version":[{"id":75229,"href":"https:\/\/eldiariodesanpedro.com.ar\/sitio\/wp-json\/wp\/v2\/posts\/75226\/revisions\/75229"}],"wp:featuredmedia":[{"embeddable":true,"href":"https:\/\/eldiariodesanpedro.com.ar\/sitio\/wp-json\/wp\/v2\/media\/75228"}],"wp:attachment":[{"href":"https:\/\/eldiariodesanpedro.com.ar\/sitio\/wp-json\/wp\/v2\/media?parent=75226"}],"wp:term":[{"taxonomy":"category","embeddable":true,"href":"https:\/\/eldiariodesanpedro.com.ar\/sitio\/wp-json\/wp\/v2\/categories?post=75226"},{"taxonomy":"post_tag","embeddable":true,"href":"https:\/\/eldiariodesanpedro.com.ar\/sitio\/wp-json\/wp\/v2\/tags?post=75226"}],"curies":[{"name":"wp","href":"https:\/\/api.w.org\/{rel}","templated":true}]}}