{"id":7522,"date":"2016-08-26T19:06:33","date_gmt":"2016-08-26T22:06:33","guid":{"rendered":"https:\/\/eldiariodesanpedro.com.ar\/sitio\/?p=7522"},"modified":"2016-08-26T19:06:33","modified_gmt":"2016-08-26T22:06:33","slug":"la-anses-ratifica-que-la-reparacion-historica-sigue-en-marcha","status":"publish","type":"post","link":"https:\/\/eldiariodesanpedro.com.ar\/sitio\/la-anses-ratifica-que-la-reparacion-historica-sigue-en-marcha\/","title":{"rendered":"La ANSES ratifica que la reparaci\u00f3n hist\u00f3rica sigue en marcha"},"content":{"rendered":"<p><!-- VideographyWP Plugin Message: Automatic video embedding prevented by plugin options. --><br \/>\nEl programa contin\u00faa y se aplicar\u00e1 desde septiembre. El organismo previsional adoptar\u00e1 las medidas legales necesarias para revertir la decisi\u00f3n judicial que perjudica a millones de jubilados.<br \/>\nLa ANSES informa a jubilados y pensionados que la implementaci\u00f3n del Programa de Reparaci\u00f3n Hist\u00f3rica sigue en marcha en todo el pa\u00eds. A partir de septiembre, podr\u00e1n consultar en la secci\u00f3n Mi ANSES de la web, www.anses.gob.ar, cu\u00e1nto les corresponde por el reajuste del haber, as\u00ed como el monto por retroactivo, en los casos en los que correspondiera. Asimismo, cerca de 240 mil jubilados, incluidos dentro del programa, recibir\u00e1n un reajuste autom\u00e1tico desde el pr\u00f3ximo mes, junto con el aumento por movilidad del 14,16% anunciado el pasado 12 de agosto.<br \/>\nCon respecto a la medida cautelar dispuesta por el Juez de Primera Instancia, Juan Fantini, contra el Programa de Reparaci\u00f3n Hist\u00f3rica, que busca recomponer el haber a m\u00e1s de 2 millones de jubilados y pensionados, la ANSES comunica que todav\u00eda no fue oportunamente notificada de esta medida.<br \/>\nA partir de la recepci\u00f3n de la notificaci\u00f3n, el organismo previsional apelar\u00e1 la medida para lograr por v\u00eda judicial revertir esta decisi\u00f3n que afecta los intereses de millones de jubilados.<br \/>\nEl Programa de Reparaci\u00f3n Hist\u00f3rica, que impulsa el Poder Ejecutivo Nacional por medio de la ANSES, cont\u00f3 con el apoyo de m\u00e1s del 80% de los diputados y senadores del Congreso Nacional, pertenecientes a las bancadas de la gran mayor\u00eda de los partidos pol\u00edticos.<br \/>\nLa Ley N\u00b0 27.260, sancionada el 29 de junio de este a\u00f1o y cuya reglamentaci\u00f3n se llev\u00f3 adelante por medio del Decreto 894\/2016 del 27 de julio de 2016, requiri\u00f3 meses de trabajo en conjunto con el Poder Judicial de la Naci\u00f3n para poder hacer efectiva la instrumentaci\u00f3n, cumpliendo con todos los requerimientos expuestos por dicho poder.<br \/>\nLa Ley prev\u00e9 que el financiamiento de la medida se realice con los ingresos que arrojar\u00e1 por impuestos el Plan de Blanqueo de Capitales, por aportes del Tesoro Nacional y tambi\u00e9n de las utilidades que arroje el Fondo de Garant\u00eda de Sustentabilidad (FGS), sin poner en riesgo los ahorros de los argentinos.<br \/>\nA poco de implementarse plenamente la Ley de la Reparaci\u00f3n Hist\u00f3rica, resulta ins\u00f3lito y llamativo que algunos grupos de inter\u00e9s que buscan obstaculizar una medida que beneficia a nuestros adultos mayores, ya que recompone el haber de millones de jubilados que fueron perjudicados por el Estado, hayan impulsado esta acci\u00f3n judicial.<br \/>\nLa ANSES, como organismo p\u00fablico responsable y transparente, ha planteado, en su momento, el debate de forma abierta y sincera con la sociedad. Por eso, confiamos en que el Poder Judicial har\u00e1 valer plenamente los derechos de los jubilados afectados por esta cautelar.<\/p>\n","protected":false},"excerpt":{"rendered":"<p>El programa contin\u00faa y se aplicar\u00e1 desde septiembre. El organismo previsional adoptar\u00e1 las medidas legales necesarias para revertir la decisi\u00f3n judicial que perjudica a millones de jubilados. La ANSES informa a jubilados y pensionados que la implementaci\u00f3n del Programa de Reparaci\u00f3n Hist\u00f3rica sigue en marcha en todo el pa\u00eds. A partir de septiembre, podr\u00e1n consultar [&hellip;]<\/p>\n","protected":false},"author":4,"featured_media":2499,"comment_status":"open","ping_status":"closed","sticky":false,"template":"","format":"standard","meta":{"om_disable_all_campaigns":false,"_jetpack_memberships_contains_paid_content":false,"footnotes":""},"categories":[101,2],"tags":[],"class_list":["post-7522","post","type-post","status-publish","format-standard","has-post-thumbnail","hentry","category-interes-general-locales","category-locales"],"aioseo_notices":[],"gutentor_comment":0,"jetpack_featured_media_url":"https:\/\/eldiariodesanpedro.com.ar\/sitio\/wp-content\/uploads\/2016\/03\/53614_p7-anses.jpg","jetpack_shortlink":"https:\/\/wp.me\/p6RhLt-1Xk","jetpack_sharing_enabled":true,"_links":{"self":[{"href":"https:\/\/eldiariodesanpedro.com.ar\/sitio\/wp-json\/wp\/v2\/posts\/7522","targetHints":{"allow":["GET"]}}],"collection":[{"href":"https:\/\/eldiariodesanpedro.com.ar\/sitio\/wp-json\/wp\/v2\/posts"}],"about":[{"href":"https:\/\/eldiariodesanpedro.com.ar\/sitio\/wp-json\/wp\/v2\/types\/post"}],"author":[{"embeddable":true,"href":"https:\/\/eldiariodesanpedro.com.ar\/sitio\/wp-json\/wp\/v2\/users\/4"}],"replies":[{"embeddable":true,"href":"https:\/\/eldiariodesanpedro.com.ar\/sitio\/wp-json\/wp\/v2\/comments?post=7522"}],"version-history":[{"count":1,"href":"https:\/\/eldiariodesanpedro.com.ar\/sitio\/wp-json\/wp\/v2\/posts\/7522\/revisions"}],"predecessor-version":[{"id":7523,"href":"https:\/\/eldiariodesanpedro.com.ar\/sitio\/wp-json\/wp\/v2\/posts\/7522\/revisions\/7523"}],"wp:featuredmedia":[{"embeddable":true,"href":"https:\/\/eldiariodesanpedro.com.ar\/sitio\/wp-json\/wp\/v2\/media\/2499"}],"wp:attachment":[{"href":"https:\/\/eldiariodesanpedro.com.ar\/sitio\/wp-json\/wp\/v2\/media?parent=7522"}],"wp:term":[{"taxonomy":"category","embeddable":true,"href":"https:\/\/eldiariodesanpedro.com.ar\/sitio\/wp-json\/wp\/v2\/categories?post=7522"},{"taxonomy":"post_tag","embeddable":true,"href":"https:\/\/eldiariodesanpedro.com.ar\/sitio\/wp-json\/wp\/v2\/tags?post=7522"}],"curies":[{"name":"wp","href":"https:\/\/api.w.org\/{rel}","templated":true}]}}