{"id":75211,"date":"2020-06-06T13:57:05","date_gmt":"2020-06-06T16:57:05","guid":{"rendered":"https:\/\/eldiariodesanpedro.com.ar\/sitio\/?p=75211"},"modified":"2020-06-06T13:57:06","modified_gmt":"2020-06-06T16:57:06","slug":"baradero-un-nuevo-caso-de-coronavirus-este-viernes-y-ya-son-seis","status":"publish","type":"post","link":"https:\/\/eldiariodesanpedro.com.ar\/sitio\/baradero-un-nuevo-caso-de-coronavirus-este-viernes-y-ya-son-seis\/","title":{"rendered":"BARADERO | Un nuevo caso de Coronavirus este viernes y ya son seis"},"content":{"rendered":"<!-- VideographyWP Plugin Message: Automatic video embedding prevented by plugin options. -->\n\n<p>La confirmaci\u00f3n lleg\u00f3 ayer cuando se estaba a la espera de los dos \u00faltimos hisopados que se hab\u00edan realizado y no hab\u00eda resultados. Sabina Solari, Directora del Departamento de Discapacidad y Tercera Edad fue la encargada de confirmarlo. Adem\u00e1s, aclar\u00f3 que \u201cel hisopado que se repiti\u00f3, arroj\u00f3 resultados negativos\u201d.<\/p>\n\n\n\n<p>Reporte de Salud Baradero 3\/6 por Coronavirus COVID-19:<br>&#8211; 6 personas con coronavirus COVID-19 positivo en nuestra ciudad<br>&#8211; 1 persona con coronavirus COVID-19 positivo con vinculo estrecho con personas de nuestra ciudad<br>&#8211;\u00a0108 personas en aislamiento obligatorio con seguimiento diario.<br>&#8211;\u00a078 personas viajaron al exterior o a zonas del pa\u00eds decretadas de riesgo y 5 personas no viajaron.<br>&#8211;\u00a019 personas son contactos estrechos de las personas con coronavirus COVID-19 positivo.<br>&#8211;\u00a0Aislados en 86 domicilios.<br>&#8211;\u00a0Hoy hubo 10 nuevas altas de aislamiento obligatorio. Son 581 en total hasta la fecha.<br>&#8211;\u00a030 hisopados con resultado negativo.<\/p>\n\n\n\n<p>3329-403259 y 3329-409023 L\u00ednea COVID-19\u00a024 horas para consultas por posibles s\u00edntomas\u00a0<br>3329 \u2013 410564 L\u00ednea de Asistencia Psicol\u00f3gica\u00a0todos los d\u00edas de 14 a 19 horas<br>3329-410980 L\u00ednea de Asistencia por Discapacidad \u00a0y Adultos Mayores<\/p>\n","protected":false},"excerpt":{"rendered":"<p>La confirmaci\u00f3n lleg\u00f3 ayer cuando se estaba a la espera de los dos \u00faltimos hisopados que se hab\u00edan realizado y no hab\u00eda resultados. Sabina Solari, Directora del Departamento de Discapacidad y Tercera Edad fue la encargada de confirmarlo. Adem\u00e1s, aclar\u00f3 que \u201cel hisopado que se repiti\u00f3, arroj\u00f3 resultados negativos\u201d. Reporte de Salud Baradero 3\/6 por [&hellip;]<\/p>\n","protected":false},"author":4,"featured_media":75212,"comment_status":"open","ping_status":"closed","sticky":false,"template":"","format":"standard","meta":{"om_disable_all_campaigns":false,"_jetpack_memberships_contains_paid_content":false,"footnotes":""},"categories":[621],"tags":[808,1145,681],"class_list":["post-75211","post","type-post","status-publish","format-standard","has-post-thumbnail","hentry","category-regionales","tag-coronavirus","tag-positivo","tag-regionales"],"aioseo_notices":[],"gutentor_comment":0,"jetpack_featured_media_url":"https:\/\/eldiariodesanpedro.com.ar\/sitio\/wp-content\/uploads\/2020\/06\/Sin-t\u00edtulo-12.jpg","jetpack_shortlink":"https:\/\/wp.me\/p6RhLt-jz5","jetpack_sharing_enabled":true,"_links":{"self":[{"href":"https:\/\/eldiariodesanpedro.com.ar\/sitio\/wp-json\/wp\/v2\/posts\/75211","targetHints":{"allow":["GET"]}}],"collection":[{"href":"https:\/\/eldiariodesanpedro.com.ar\/sitio\/wp-json\/wp\/v2\/posts"}],"about":[{"href":"https:\/\/eldiariodesanpedro.com.ar\/sitio\/wp-json\/wp\/v2\/types\/post"}],"author":[{"embeddable":true,"href":"https:\/\/eldiariodesanpedro.com.ar\/sitio\/wp-json\/wp\/v2\/users\/4"}],"replies":[{"embeddable":true,"href":"https:\/\/eldiariodesanpedro.com.ar\/sitio\/wp-json\/wp\/v2\/comments?post=75211"}],"version-history":[{"count":1,"href":"https:\/\/eldiariodesanpedro.com.ar\/sitio\/wp-json\/wp\/v2\/posts\/75211\/revisions"}],"predecessor-version":[{"id":75213,"href":"https:\/\/eldiariodesanpedro.com.ar\/sitio\/wp-json\/wp\/v2\/posts\/75211\/revisions\/75213"}],"wp:featuredmedia":[{"embeddable":true,"href":"https:\/\/eldiariodesanpedro.com.ar\/sitio\/wp-json\/wp\/v2\/media\/75212"}],"wp:attachment":[{"href":"https:\/\/eldiariodesanpedro.com.ar\/sitio\/wp-json\/wp\/v2\/media?parent=75211"}],"wp:term":[{"taxonomy":"category","embeddable":true,"href":"https:\/\/eldiariodesanpedro.com.ar\/sitio\/wp-json\/wp\/v2\/categories?post=75211"},{"taxonomy":"post_tag","embeddable":true,"href":"https:\/\/eldiariodesanpedro.com.ar\/sitio\/wp-json\/wp\/v2\/tags?post=75211"}],"curies":[{"name":"wp","href":"https:\/\/api.w.org\/{rel}","templated":true}]}}