{"id":75209,"date":"2020-06-06T13:49:41","date_gmt":"2020-06-06T16:49:41","guid":{"rendered":"https:\/\/eldiariodesanpedro.com.ar\/sitio\/?p=75209"},"modified":"2020-06-06T13:49:46","modified_gmt":"2020-06-06T16:49:46","slug":"el-lunes-comienza-nuevamente-el-cobro-del-ingreso-familiar-de-emergencia","status":"publish","type":"post","link":"https:\/\/eldiariodesanpedro.com.ar\/sitio\/el-lunes-comienza-nuevamente-el-cobro-del-ingreso-familiar-de-emergencia\/","title":{"rendered":"El lunes comienza nuevamente el cobro del Ingreso Familiar de Emergencia"},"content":{"rendered":"<!-- VideographyWP Plugin Message: Automatic video embedding prevented by plugin options. -->\n\n<p>Seg\u00fan lo publicado en el Bolet\u00edn Oficial, a partir del 8 de junio empezar\u00e1n a percibir el bono extraordinario de $10.000 aquellos beneficiarios de la Asignaci\u00f3n Universal por Hijo. Por su parte, desde el d\u00eda 23 comenzar\u00e1 el pago a trav\u00e9s de un CBU.<\/p>\n\n\n\n<p>Desde el pr\u00f3ximo lunes 8 comenzar\u00e1 el pago de la segunda ronda del bono de $10.000 conocido como Ingreso Familiar de Emergencia, a cargo de la Administraci\u00f3n Nacional de la Seguridad Social (ANSeS). Al igual que en su primera instancia, las primeras erogaciones tendr\u00e1n como beneficiarios a aquellos vecinos inscriptos que cobren a su vez la Asignaci\u00f3n Universal por Hijo (AUH). La medida fue originalmente establecida con la meta de paliar las consecuencias del fuerte paro econ\u00f3mico que est\u00e1 atravesando la Rep\u00fablica Argentina a partir del avance del COVID-19, y la decisi\u00f3n de prohibir la gran mayor\u00eda de las actividades productivas como consecuencia del mismo.<\/p>\n\n\n\n<p>De forma posterior, entre el 23 de junio y el 6 de julio se efectuar\u00e1n los correspondientes pagos a aquellos vecinos que hayan aportado una Clave Bancaria Uniforme (CBU), para recibir el IFE por medio de una transferencia electr\u00f3nica. Vale la pena aclarar que aquellas personas que hayan recibido este beneficio en su primera instancia no necesitan volver a inscribirse para percibir este refuerzo, ya que el mismo se realizar\u00e1 de forma autom\u00e1tica.<\/p>\n\n\n\n<p>Luego de este proceso y en \u00faltimo lugar, se pagar\u00e1n los $10.000 a aquellas personas no bancarizadas y\/o que hayan elegido otros medios de pago, tales como la \u201cCuenta DNI\u201d del Banco Provincia, o mediante Correo Argentino.<\/p>\n\n\n\n<p>Seg\u00fan lo expresado por autoridades de la ANSeS, se busca aprovechar esta segunda tanda para ampliar el proceso de bancarizaci\u00f3n en nuestro pa\u00eds, raz\u00f3n por la cual la entidad contin\u00faa preparando nuevas v\u00edas de acceso a una billetera virtual para aquellos vecinos que a\u00fan no dispongan de una. A su vez, aseguraron que la base de beneficiarios no se ampliar\u00e1, as\u00ed que resulta imposible inscribirse en el beneficio para esta nueva ronda.<\/p>\n\n\n\n<p>Por el momento no est\u00e1 confirmada una tercera tanda de cobro, pero desde el organismo encargado de la seguridad social no descartaron la posibilidad.<\/p>\n\n\n\n<p><strong>Requisitos de acceso al Ingreso Familiar de Emergencia:<br><\/strong><br>-Ser trabajador informal, trabajador en casas particulares, monotributista perteneciente a las categor\u00edas A y B, o monotributista social.<\/p>\n\n\n\n<p>-Ser argentino nativo o naturalizado y residente, con una residencia legal en el pa\u00eds no inferior a 2 a\u00f1os.<\/p>\n\n\n\n<p>-Tener entre 18 y 65 a\u00f1os de edad.<\/p>\n\n\n\n<p>-Que el titular o su grupo familiar no tenga ingresos provenientes de: un trabajo en relaci\u00f3n de dependencia en el sector p\u00fablico o privado, ser monotributista de categor\u00eda C o superior, o del r\u00e9gimen de aut\u00f3nomos, una prestaci\u00f3n de desempleo, jubilaciones, pensiones o retiros contributivos o no contributivos, planes sociales, salario social complementario, Hacemos Futuro, Potenciar Trabajo u otros programas sociales nacionales, provinciales o municipales (a excepci\u00f3n de la AUH, la AUE y el Programa Progresar).<\/p>\n","protected":false},"excerpt":{"rendered":"<p>Seg\u00fan lo publicado en el Bolet\u00edn Oficial, a partir del 8 de junio empezar\u00e1n a percibir el bono extraordinario de $10.000 aquellos beneficiarios de la Asignaci\u00f3n Universal por Hijo. Por su parte, desde el d\u00eda 23 comenzar\u00e1 el pago a trav\u00e9s de un CBU. Desde el pr\u00f3ximo lunes 8 comenzar\u00e1 el pago de la segunda [&hellip;]<\/p>\n","protected":false},"author":4,"featured_media":74789,"comment_status":"open","ping_status":"closed","sticky":false,"template":"","format":"standard","meta":{"om_disable_all_campaigns":false,"_jetpack_memberships_contains_paid_content":false,"footnotes":""},"categories":[101,2],"tags":[602,197],"class_list":["post-75209","post","type-post","status-publish","format-standard","has-post-thumbnail","hentry","category-interes-general-locales","category-locales","tag-anses","tag-buenos-aires"],"aioseo_notices":[],"gutentor_comment":1,"jetpack_featured_media_url":"https:\/\/eldiariodesanpedro.com.ar\/sitio\/wp-content\/uploads\/2020\/06\/7UX43JWCHNDJRLLZWBOQGULLCM.jpg","jetpack_shortlink":"https:\/\/wp.me\/p6RhLt-jz3","jetpack_sharing_enabled":true,"_links":{"self":[{"href":"https:\/\/eldiariodesanpedro.com.ar\/sitio\/wp-json\/wp\/v2\/posts\/75209","targetHints":{"allow":["GET"]}}],"collection":[{"href":"https:\/\/eldiariodesanpedro.com.ar\/sitio\/wp-json\/wp\/v2\/posts"}],"about":[{"href":"https:\/\/eldiariodesanpedro.com.ar\/sitio\/wp-json\/wp\/v2\/types\/post"}],"author":[{"embeddable":true,"href":"https:\/\/eldiariodesanpedro.com.ar\/sitio\/wp-json\/wp\/v2\/users\/4"}],"replies":[{"embeddable":true,"href":"https:\/\/eldiariodesanpedro.com.ar\/sitio\/wp-json\/wp\/v2\/comments?post=75209"}],"version-history":[{"count":1,"href":"https:\/\/eldiariodesanpedro.com.ar\/sitio\/wp-json\/wp\/v2\/posts\/75209\/revisions"}],"predecessor-version":[{"id":75210,"href":"https:\/\/eldiariodesanpedro.com.ar\/sitio\/wp-json\/wp\/v2\/posts\/75209\/revisions\/75210"}],"wp:featuredmedia":[{"embeddable":true,"href":"https:\/\/eldiariodesanpedro.com.ar\/sitio\/wp-json\/wp\/v2\/media\/74789"}],"wp:attachment":[{"href":"https:\/\/eldiariodesanpedro.com.ar\/sitio\/wp-json\/wp\/v2\/media?parent=75209"}],"wp:term":[{"taxonomy":"category","embeddable":true,"href":"https:\/\/eldiariodesanpedro.com.ar\/sitio\/wp-json\/wp\/v2\/categories?post=75209"},{"taxonomy":"post_tag","embeddable":true,"href":"https:\/\/eldiariodesanpedro.com.ar\/sitio\/wp-json\/wp\/v2\/tags?post=75209"}],"curies":[{"name":"wp","href":"https:\/\/api.w.org\/{rel}","templated":true}]}}