{"id":75204,"date":"2020-06-06T13:30:54","date_gmt":"2020-06-06T16:30:54","guid":{"rendered":"https:\/\/eldiariodesanpedro.com.ar\/sitio\/?p=75204"},"modified":"2020-06-06T13:30:57","modified_gmt":"2020-06-06T16:30:57","slug":"dos-denuncias-por-robo-de-motocicletas","status":"publish","type":"post","link":"https:\/\/eldiariodesanpedro.com.ar\/sitio\/dos-denuncias-por-robo-de-motocicletas\/","title":{"rendered":"Dos denuncias por robo de motocicletas"},"content":{"rendered":"<!-- VideographyWP Plugin Message: Automatic video embedding prevented by plugin options. -->\n\n<p>Durante la jornada de viernes se registraron dos denuncias en la comisar\u00eda local por hechos de hurto en la v\u00eda p\u00fablica.<\/p>\n\n\n\n<p>En primer lugar un vecino de la ciudad que el mismo d\u00eda constata que ignorados sin violencia, le sustraen motocicleta&nbsp; marca Keller color negra, la cual hab\u00eda dejado estacionada sin seguridad media hora antes frente a comercio ubicado en calle&nbsp; Sargento Selada y Balcarce.<\/p>\n\n\n\n<p>&nbsp;El mismo dia se denunci\u00f3 por parte de otro ciudadano que a dos horas despu\u00e9s de haberla dejado estacionada su motocicleta, constata que ignorados sin violencia sustrae motocicleta Gilera Smash verde, la cual se hallaba sin seguridad frente a su domicilio ubicado en calle Oliveira Cesar al 300.<\/p>\n","protected":false},"excerpt":{"rendered":"<p>Durante la jornada de viernes se registraron dos denuncias en la comisar\u00eda local por hechos de hurto en la v\u00eda p\u00fablica. En primer lugar un vecino de la ciudad que el mismo d\u00eda constata que ignorados sin violencia, le sustraen motocicleta&nbsp; marca Keller color negra, la cual hab\u00eda dejado estacionada sin seguridad media hora antes [&hellip;]<\/p>\n","protected":false},"author":4,"featured_media":73638,"comment_status":"open","ping_status":"closed","sticky":false,"template":"","format":"standard","meta":{"om_disable_all_campaigns":false,"_jetpack_memberships_contains_paid_content":false,"footnotes":""},"categories":[2,103],"tags":[33,680],"class_list":["post-75204","post","type-post","status-publish","format-standard","has-post-thumbnail","hentry","category-locales","category-policiales-locales","tag-locales","tag-robo"],"aioseo_notices":[],"gutentor_comment":0,"jetpack_featured_media_url":"https:\/\/eldiariodesanpedro.com.ar\/sitio\/wp-content\/uploads\/2020\/05\/nuevos-patrulleros-policia-home-1280x720-1.jpg","jetpack_shortlink":"https:\/\/wp.me\/p6RhLt-jyY","jetpack_sharing_enabled":true,"_links":{"self":[{"href":"https:\/\/eldiariodesanpedro.com.ar\/sitio\/wp-json\/wp\/v2\/posts\/75204","targetHints":{"allow":["GET"]}}],"collection":[{"href":"https:\/\/eldiariodesanpedro.com.ar\/sitio\/wp-json\/wp\/v2\/posts"}],"about":[{"href":"https:\/\/eldiariodesanpedro.com.ar\/sitio\/wp-json\/wp\/v2\/types\/post"}],"author":[{"embeddable":true,"href":"https:\/\/eldiariodesanpedro.com.ar\/sitio\/wp-json\/wp\/v2\/users\/4"}],"replies":[{"embeddable":true,"href":"https:\/\/eldiariodesanpedro.com.ar\/sitio\/wp-json\/wp\/v2\/comments?post=75204"}],"version-history":[{"count":1,"href":"https:\/\/eldiariodesanpedro.com.ar\/sitio\/wp-json\/wp\/v2\/posts\/75204\/revisions"}],"predecessor-version":[{"id":75205,"href":"https:\/\/eldiariodesanpedro.com.ar\/sitio\/wp-json\/wp\/v2\/posts\/75204\/revisions\/75205"}],"wp:featuredmedia":[{"embeddable":true,"href":"https:\/\/eldiariodesanpedro.com.ar\/sitio\/wp-json\/wp\/v2\/media\/73638"}],"wp:attachment":[{"href":"https:\/\/eldiariodesanpedro.com.ar\/sitio\/wp-json\/wp\/v2\/media?parent=75204"}],"wp:term":[{"taxonomy":"category","embeddable":true,"href":"https:\/\/eldiariodesanpedro.com.ar\/sitio\/wp-json\/wp\/v2\/categories?post=75204"},{"taxonomy":"post_tag","embeddable":true,"href":"https:\/\/eldiariodesanpedro.com.ar\/sitio\/wp-json\/wp\/v2\/tags?post=75204"}],"curies":[{"name":"wp","href":"https:\/\/api.w.org\/{rel}","templated":true}]}}