{"id":75200,"date":"2020-06-06T13:22:19","date_gmt":"2020-06-06T16:22:19","guid":{"rendered":"https:\/\/eldiariodesanpedro.com.ar\/sitio\/?p=75200"},"modified":"2020-06-06T13:22:23","modified_gmt":"2020-06-06T16:22:23","slug":"a-partir-del-lunes-el-hospital-vuelve-a-la-normalidad","status":"publish","type":"post","link":"https:\/\/eldiariodesanpedro.com.ar\/sitio\/a-partir-del-lunes-el-hospital-vuelve-a-la-normalidad\/","title":{"rendered":"A partir del lunes el hospital vuelve a la normalidad"},"content":{"rendered":"<!-- VideographyWP Plugin Message: Automatic video embedding prevented by plugin options. -->\n\n<p>El Hospital Emilio Ruffa informa que ante los resultados recibidos que descartaron contagios de Covid-19 en el personal que tuvo contacto estrecho con el m\u00e9dico que dio positivo se han resuelto novedades a partir del lunes.<\/p>\n\n\n\n<p>Se habilitar\u00e1 el acceso principal por el hall central.<\/p>\n\n\n\n<p>Volver\u00e1n a funcionar los consultorios de Cl\u00ednica M\u00e9dica en horario matutino con una mayor cantidad de turnos.<\/p>\n\n\n\n<p>Se reanudar\u00e1 tambi\u00e9n la atenci\u00f3n de especialistas y laboratorio.<\/p>\n\n\n\n<p>En Terapia Intensiva no est\u00e1n permitidas las visitas y los informes diarios ser\u00e1n entregados al mediod\u00eda y como m\u00e1ximo a tres personas por paciente.<\/p>\n\n\n\n<p>Reiteramos a todos los vecinos el especial pedido para mantener y respetar las medidas de prevenci\u00f3n y protecci\u00f3n, usando en todo momento el tapabocas y respetando el distanciamiento socia<\/p>\n\n\n\n<figure class=\"wp-block-image size-large\"><img decoding=\"async\" width=\"1024\" height=\"992\" data-attachment-id=\"75202\" data-permalink=\"https:\/\/eldiariodesanpedro.com.ar\/sitio\/a-partir-del-lunes-el-hospital-vuelve-a-la-normalidad\/whatsapp-image-2020-06-06-at-13-08-09\/\" data-orig-file=\"https:\/\/eldiariodesanpedro.com.ar\/sitio\/wp-content\/uploads\/2020\/06\/WhatsApp-Image-2020-06-06-at-13.08.09.jpeg\" data-orig-size=\"1280,1240\" data-comments-opened=\"1\" data-image-meta=\"{&quot;aperture&quot;:&quot;0&quot;,&quot;credit&quot;:&quot;&quot;,&quot;camera&quot;:&quot;&quot;,&quot;caption&quot;:&quot;&quot;,&quot;created_timestamp&quot;:&quot;0&quot;,&quot;copyright&quot;:&quot;&quot;,&quot;focal_length&quot;:&quot;0&quot;,&quot;iso&quot;:&quot;0&quot;,&quot;shutter_speed&quot;:&quot;0&quot;,&quot;title&quot;:&quot;&quot;,&quot;orientation&quot;:&quot;0&quot;}\" data-image-title=\"WhatsApp Image 2020-06-06 at 13.08.09\" data-image-description=\"\" data-image-caption=\"\" data-large-file=\"https:\/\/eldiariodesanpedro.com.ar\/sitio\/wp-content\/uploads\/2020\/06\/WhatsApp-Image-2020-06-06-at-13.08.09-1024x992.jpeg\" data-src=\"https:\/\/eldiariodesanpedro.com.ar\/sitio\/wp-content\/uploads\/2020\/06\/WhatsApp-Image-2020-06-06-at-13.08.09-1024x992.jpeg\" alt=\"\" class=\"wp-image-75202 lazyload\" data-srcset=\"https:\/\/eldiariodesanpedro.com.ar\/sitio\/wp-content\/uploads\/2020\/06\/WhatsApp-Image-2020-06-06-at-13.08.09-1024x992.jpeg 1024w, https:\/\/eldiariodesanpedro.com.ar\/sitio\/wp-content\/uploads\/2020\/06\/WhatsApp-Image-2020-06-06-at-13.08.09-300x291.jpeg 300w, https:\/\/eldiariodesanpedro.com.ar\/sitio\/wp-content\/uploads\/2020\/06\/WhatsApp-Image-2020-06-06-at-13.08.09-768x744.jpeg 768w, https:\/\/eldiariodesanpedro.com.ar\/sitio\/wp-content\/uploads\/2020\/06\/WhatsApp-Image-2020-06-06-at-13.08.09.jpeg 1280w\" data-sizes=\"(max-width: 1024px) 100vw, 1024px\" src=\"data:image\/svg+xml;base64,PHN2ZyB3aWR0aD0iMSIgaGVpZ2h0PSIxIiB4bWxucz0iaHR0cDovL3d3dy53My5vcmcvMjAwMC9zdmciPjwvc3ZnPg==\" style=\"--smush-placeholder-width: 1024px; --smush-placeholder-aspect-ratio: 1024\/992;\" \/><\/figure>\n","protected":false},"excerpt":{"rendered":"<p>El Hospital Emilio Ruffa informa que ante los resultados recibidos que descartaron contagios de Covid-19 en el personal que tuvo contacto estrecho con el m\u00e9dico que dio positivo se han resuelto novedades a partir del lunes. Se habilitar\u00e1 el acceso principal por el hall central. Volver\u00e1n a funcionar los consultorios de Cl\u00ednica M\u00e9dica en horario [&hellip;]<\/p>\n","protected":false},"author":4,"featured_media":75201,"comment_status":"open","ping_status":"closed","sticky":false,"template":"","format":"standard","meta":{"om_disable_all_campaigns":false,"_jetpack_memberships_contains_paid_content":false,"footnotes":""},"categories":[50,101,2],"tags":[197,33],"class_list":["post-75200","post","type-post","status-publish","format-standard","has-post-thumbnail","hentry","category-destacadas","category-interes-general-locales","category-locales","tag-buenos-aires","tag-locales"],"aioseo_notices":[],"gutentor_comment":0,"jetpack_featured_media_url":"https:\/\/eldiariodesanpedro.com.ar\/sitio\/wp-content\/uploads\/2020\/06\/Hospital-Emilio-Ruffa.jpg","jetpack_shortlink":"https:\/\/wp.me\/p6RhLt-jyU","jetpack_sharing_enabled":true,"_links":{"self":[{"href":"https:\/\/eldiariodesanpedro.com.ar\/sitio\/wp-json\/wp\/v2\/posts\/75200","targetHints":{"allow":["GET"]}}],"collection":[{"href":"https:\/\/eldiariodesanpedro.com.ar\/sitio\/wp-json\/wp\/v2\/posts"}],"about":[{"href":"https:\/\/eldiariodesanpedro.com.ar\/sitio\/wp-json\/wp\/v2\/types\/post"}],"author":[{"embeddable":true,"href":"https:\/\/eldiariodesanpedro.com.ar\/sitio\/wp-json\/wp\/v2\/users\/4"}],"replies":[{"embeddable":true,"href":"https:\/\/eldiariodesanpedro.com.ar\/sitio\/wp-json\/wp\/v2\/comments?post=75200"}],"version-history":[{"count":1,"href":"https:\/\/eldiariodesanpedro.com.ar\/sitio\/wp-json\/wp\/v2\/posts\/75200\/revisions"}],"predecessor-version":[{"id":75203,"href":"https:\/\/eldiariodesanpedro.com.ar\/sitio\/wp-json\/wp\/v2\/posts\/75200\/revisions\/75203"}],"wp:featuredmedia":[{"embeddable":true,"href":"https:\/\/eldiariodesanpedro.com.ar\/sitio\/wp-json\/wp\/v2\/media\/75201"}],"wp:attachment":[{"href":"https:\/\/eldiariodesanpedro.com.ar\/sitio\/wp-json\/wp\/v2\/media?parent=75200"}],"wp:term":[{"taxonomy":"category","embeddable":true,"href":"https:\/\/eldiariodesanpedro.com.ar\/sitio\/wp-json\/wp\/v2\/categories?post=75200"},{"taxonomy":"post_tag","embeddable":true,"href":"https:\/\/eldiariodesanpedro.com.ar\/sitio\/wp-json\/wp\/v2\/tags?post=75200"}],"curies":[{"name":"wp","href":"https:\/\/api.w.org\/{rel}","templated":true}]}}