{"id":7519,"date":"2016-08-26T19:01:32","date_gmt":"2016-08-26T22:01:32","guid":{"rendered":"https:\/\/eldiariodesanpedro.com.ar\/sitio\/?p=7519"},"modified":"2016-08-26T19:01:32","modified_gmt":"2016-08-26T22:01:32","slug":"festejo-del-dia-del-nino-en-rio-tala-2","status":"publish","type":"post","link":"https:\/\/eldiariodesanpedro.com.ar\/sitio\/festejo-del-dia-del-nino-en-rio-tala-2\/","title":{"rendered":"Festejo del D\u00eda del Ni\u00f1o en R\u00edo Tala"},"content":{"rendered":"<p><!-- VideographyWP Plugin Message: Automatic video embedding prevented by plugin options. --><br \/>\nEste domingo a partir de las 13.00, en instalaciones del Centro Tradicionalista El Poncho Pampa, se llevar\u00e1 a cabo la habitual fiesta del D\u00eda del Ni\u00f1o, que por tercer a\u00f1o consecutivo lleva adelante la emisora radial FM La Nueva Rep\u00fablica (107.7mhz).<br \/>\nEn esta oportunidad se contar\u00e1 con invitados especiales: El Mago Marcelo, con sus trucos fant\u00e1sticos, entusiasmar\u00e1 a la audiencia bajita, y el payaso Nicol\u00e1s Hope, con su show infantil, alegrar\u00e1 la jornada.<br \/>\nTambi\u00e9n Los Payasos Voluntarios estar\u00e1n colaborando con los juegos propuestos, y La Turca y su show de entretenimientos familiares, para que grandes y chicos puedan divertirse. Gim R\u00edo Tala tambi\u00e9n estar\u00e1 presente con sus demostraciones de baile y rutinas aer\u00f3bicas, que como siempre, dejar\u00e1n asombrado a todo el p\u00fablico.<br \/>\nStudio Oll dance nos deleitar\u00e1 con la destreza de sus bailarinas y el cantante Pichuco G\u00f3mez cerrar\u00e1 el evento, con su gran repertorio musical.<br \/>\n\u201cCon el sonido de Manuel Orsi, y la mejor onda del staff radial, estaremos disfrutando de un d\u00eda espectacular, a puro entretenimiento y regalos para los peque\u00f1os\u201d, aseguraron desde La Nueva Rep\u00fablica.<br \/>\nEl evento se suspende por mal tiempo, y pasar\u00eda para el domingo siguiente.<\/p>\n","protected":false},"excerpt":{"rendered":"<p>Este domingo a partir de las 13.00, en instalaciones del Centro Tradicionalista El Poncho Pampa, se llevar\u00e1 a cabo la habitual fiesta del D\u00eda del Ni\u00f1o, que por tercer a\u00f1o consecutivo lleva adelante la emisora radial FM La Nueva Rep\u00fablica (107.7mhz). En esta oportunidad se contar\u00e1 con invitados especiales: El Mago Marcelo, con sus trucos [&hellip;]<\/p>\n","protected":false},"author":4,"featured_media":7520,"comment_status":"open","ping_status":"closed","sticky":false,"template":"","format":"standard","meta":{"om_disable_all_campaigns":false,"_jetpack_memberships_contains_paid_content":false,"footnotes":""},"categories":[101,2],"tags":[],"class_list":["post-7519","post","type-post","status-publish","format-standard","has-post-thumbnail","hentry","category-interes-general-locales","category-locales"],"aioseo_notices":[],"gutentor_comment":0,"jetpack_featured_media_url":"https:\/\/eldiariodesanpedro.com.ar\/sitio\/wp-content\/uploads\/2016\/08\/PAGINA-6-12.jpg","jetpack_shortlink":"https:\/\/wp.me\/p6RhLt-1Xh","jetpack_sharing_enabled":true,"_links":{"self":[{"href":"https:\/\/eldiariodesanpedro.com.ar\/sitio\/wp-json\/wp\/v2\/posts\/7519","targetHints":{"allow":["GET"]}}],"collection":[{"href":"https:\/\/eldiariodesanpedro.com.ar\/sitio\/wp-json\/wp\/v2\/posts"}],"about":[{"href":"https:\/\/eldiariodesanpedro.com.ar\/sitio\/wp-json\/wp\/v2\/types\/post"}],"author":[{"embeddable":true,"href":"https:\/\/eldiariodesanpedro.com.ar\/sitio\/wp-json\/wp\/v2\/users\/4"}],"replies":[{"embeddable":true,"href":"https:\/\/eldiariodesanpedro.com.ar\/sitio\/wp-json\/wp\/v2\/comments?post=7519"}],"version-history":[{"count":1,"href":"https:\/\/eldiariodesanpedro.com.ar\/sitio\/wp-json\/wp\/v2\/posts\/7519\/revisions"}],"predecessor-version":[{"id":7521,"href":"https:\/\/eldiariodesanpedro.com.ar\/sitio\/wp-json\/wp\/v2\/posts\/7519\/revisions\/7521"}],"wp:featuredmedia":[{"embeddable":true,"href":"https:\/\/eldiariodesanpedro.com.ar\/sitio\/wp-json\/wp\/v2\/media\/7520"}],"wp:attachment":[{"href":"https:\/\/eldiariodesanpedro.com.ar\/sitio\/wp-json\/wp\/v2\/media?parent=7519"}],"wp:term":[{"taxonomy":"category","embeddable":true,"href":"https:\/\/eldiariodesanpedro.com.ar\/sitio\/wp-json\/wp\/v2\/categories?post=7519"},{"taxonomy":"post_tag","embeddable":true,"href":"https:\/\/eldiariodesanpedro.com.ar\/sitio\/wp-json\/wp\/v2\/tags?post=7519"}],"curies":[{"name":"wp","href":"https:\/\/api.w.org\/{rel}","templated":true}]}}