{"id":75181,"date":"2020-06-06T10:57:11","date_gmt":"2020-06-06T13:57:11","guid":{"rendered":"https:\/\/eldiariodesanpedro.com.ar\/sitio\/?p=75181"},"modified":"2020-06-06T20:41:21","modified_gmt":"2020-06-06T23:41:21","slug":"dueno-de-un-campo-denuncio-a-un-hombre-por-llevarse-una-bolsa-con-limones","status":"publish","type":"post","link":"https:\/\/eldiariodesanpedro.com.ar\/sitio\/dueno-de-un-campo-denuncio-a-un-hombre-por-llevarse-una-bolsa-con-limones\/","title":{"rendered":"Due\u00f1o de un campo denuncio a un hombre por llevarse una bolsa con limones"},"content":{"rendered":"<!-- VideographyWP Plugin Message: Automatic video embedding prevented by plugin options. -->\n\n<p>Un hombre de mayor edad fue detenido por efectivos policiales de nuestra ciudad en zona rural solo con una bolsa de limones.<\/p>\n\n\n\n<p>El hecho ocurri\u00f3 esta tarde de viernes en lavalle y Callej\u00f3n Coronato se logr\u00f3 la aprehensi\u00f3n de un hombre mayor de edad que habr\u00eda robado 15 kg de limones los cuales llevaba en una bolsa.<\/p>\n\n\n\n<p>La denuncia se realiz\u00f3 por parte del propietario del campo quien asegura que esta persona sustrajo los limones sin permiso.<\/p>\n\n\n\n<figure class=\"wp-block-image size-large\"><img decoding=\"async\" width=\"581\" height=\"1032\" data-attachment-id=\"75183\" data-permalink=\"https:\/\/eldiariodesanpedro.com.ar\/sitio\/dueno-de-un-campo-denuncio-a-un-hombre-por-llevarse-una-bolsa-con-limones\/whatsapp-image-2020-06-06-at-10-37-30\/\" data-orig-file=\"https:\/\/eldiariodesanpedro.com.ar\/sitio\/wp-content\/uploads\/2020\/06\/WhatsApp-Image-2020-06-06-at-10.37.30.jpeg\" data-orig-size=\"581,1032\" data-comments-opened=\"1\" data-image-meta=\"{&quot;aperture&quot;:&quot;0&quot;,&quot;credit&quot;:&quot;&quot;,&quot;camera&quot;:&quot;&quot;,&quot;caption&quot;:&quot;&quot;,&quot;created_timestamp&quot;:&quot;0&quot;,&quot;copyright&quot;:&quot;&quot;,&quot;focal_length&quot;:&quot;0&quot;,&quot;iso&quot;:&quot;0&quot;,&quot;shutter_speed&quot;:&quot;0&quot;,&quot;title&quot;:&quot;&quot;,&quot;orientation&quot;:&quot;0&quot;}\" data-image-title=\"WhatsApp-Image-2020-06-06-at-10.37.30\" data-image-description=\"\" data-image-caption=\"\" data-large-file=\"https:\/\/eldiariodesanpedro.com.ar\/sitio\/wp-content\/uploads\/2020\/06\/WhatsApp-Image-2020-06-06-at-10.37.30-576x1024.jpeg\" data-src=\"https:\/\/i1.wp.com\/eldiariodesanpedro.com.ar\/sitio\/wp-content\/uploads\/2020\/06\/WhatsApp-Image-2020-06-06-at-10.37.30.jpeg?fit=576%2C1024\" alt=\"\" class=\"wp-image-75183 lazyload\" data-srcset=\"https:\/\/eldiariodesanpedro.com.ar\/sitio\/wp-content\/uploads\/2020\/06\/WhatsApp-Image-2020-06-06-at-10.37.30.jpeg 581w, https:\/\/eldiariodesanpedro.com.ar\/sitio\/wp-content\/uploads\/2020\/06\/WhatsApp-Image-2020-06-06-at-10.37.30-169x300.jpeg 169w, https:\/\/eldiariodesanpedro.com.ar\/sitio\/wp-content\/uploads\/2020\/06\/WhatsApp-Image-2020-06-06-at-10.37.30-576x1024.jpeg 576w\" data-sizes=\"(max-width: 581px) 100vw, 581px\" src=\"data:image\/svg+xml;base64,PHN2ZyB3aWR0aD0iMSIgaGVpZ2h0PSIxIiB4bWxucz0iaHR0cDovL3d3dy53My5vcmcvMjAwMC9zdmciPjwvc3ZnPg==\" style=\"--smush-placeholder-width: 581px; --smush-placeholder-aspect-ratio: 581\/1032;\" \/><\/figure>\n","protected":false},"excerpt":{"rendered":"<p>Un hombre de mayor edad fue detenido por efectivos policiales de nuestra ciudad en zona rural solo con una bolsa de limones. El hecho ocurri\u00f3 esta tarde de viernes en lavalle y Callej\u00f3n Coronato se logr\u00f3 la aprehensi\u00f3n de un hombre mayor de edad que habr\u00eda robado 15 kg de limones los cuales llevaba en [&hellip;]<\/p>\n","protected":false},"author":4,"featured_media":75182,"comment_status":"open","ping_status":"closed","sticky":false,"template":"","format":"standard","meta":{"om_disable_all_campaigns":false,"_jetpack_memberships_contains_paid_content":false,"footnotes":""},"categories":[2,103],"tags":[],"class_list":["post-75181","post","type-post","status-publish","format-standard","has-post-thumbnail","hentry","category-locales","category-policiales-locales"],"aioseo_notices":[],"gutentor_comment":1,"jetpack_featured_media_url":"https:\/\/eldiariodesanpedro.com.ar\/sitio\/wp-content\/uploads\/2020\/06\/WhatsApp-Image-2020-06-06-at-10.37.31.jpeg","jetpack_shortlink":"https:\/\/wp.me\/p6RhLt-jyB","jetpack_sharing_enabled":true,"_links":{"self":[{"href":"https:\/\/eldiariodesanpedro.com.ar\/sitio\/wp-json\/wp\/v2\/posts\/75181","targetHints":{"allow":["GET"]}}],"collection":[{"href":"https:\/\/eldiariodesanpedro.com.ar\/sitio\/wp-json\/wp\/v2\/posts"}],"about":[{"href":"https:\/\/eldiariodesanpedro.com.ar\/sitio\/wp-json\/wp\/v2\/types\/post"}],"author":[{"embeddable":true,"href":"https:\/\/eldiariodesanpedro.com.ar\/sitio\/wp-json\/wp\/v2\/users\/4"}],"replies":[{"embeddable":true,"href":"https:\/\/eldiariodesanpedro.com.ar\/sitio\/wp-json\/wp\/v2\/comments?post=75181"}],"version-history":[{"count":2,"href":"https:\/\/eldiariodesanpedro.com.ar\/sitio\/wp-json\/wp\/v2\/posts\/75181\/revisions"}],"predecessor-version":[{"id":75232,"href":"https:\/\/eldiariodesanpedro.com.ar\/sitio\/wp-json\/wp\/v2\/posts\/75181\/revisions\/75232"}],"wp:featuredmedia":[{"embeddable":true,"href":"https:\/\/eldiariodesanpedro.com.ar\/sitio\/wp-json\/wp\/v2\/media\/75182"}],"wp:attachment":[{"href":"https:\/\/eldiariodesanpedro.com.ar\/sitio\/wp-json\/wp\/v2\/media?parent=75181"}],"wp:term":[{"taxonomy":"category","embeddable":true,"href":"https:\/\/eldiariodesanpedro.com.ar\/sitio\/wp-json\/wp\/v2\/categories?post=75181"},{"taxonomy":"post_tag","embeddable":true,"href":"https:\/\/eldiariodesanpedro.com.ar\/sitio\/wp-json\/wp\/v2\/tags?post=75181"}],"curies":[{"name":"wp","href":"https:\/\/api.w.org\/{rel}","templated":true}]}}