{"id":75177,"date":"2020-06-06T10:47:40","date_gmt":"2020-06-06T13:47:40","guid":{"rendered":"https:\/\/eldiariodesanpedro.com.ar\/sitio\/?p=75177"},"modified":"2020-06-06T10:47:44","modified_gmt":"2020-06-06T13:47:44","slug":"caso-lencina-sigue-sin-aparecer-el-arma-homicida","status":"publish","type":"post","link":"https:\/\/eldiariodesanpedro.com.ar\/sitio\/caso-lencina-sigue-sin-aparecer-el-arma-homicida\/","title":{"rendered":"Caso Lencina: Sigue sin aparecer el arma homicida"},"content":{"rendered":"<!-- VideographyWP Plugin Message: Automatic video embedding prevented by plugin options. -->\n\n<p>Por el homicidio de Milc\u00edades Lencina se realizaron allanamientos por parte de GTO con resultados positivos tras tareas de investigaci\u00f3n.<\/p>\n\n\n\n<p>Durante la madrugada de este s\u00e1bado el Grupo de Tareas Operativas (GTO) a cargo de Guillermo Turci realiz\u00f3 tareas de allanamiento en el Barrio Hermano Indio tras varias tareas de averiguaciones y solicitado por el Juzgado de Garant\u00edas N\u00ba 1 Departamental San Nicolas.<\/p>\n\n\n\n<p>La diligencia otorg\u00f3 el secuestro de varias municiones de\u00a0 51 municiones calibre 45,\u00a0 una munici\u00f3n calibre 38, un guante de lana, un tel\u00e9fono celular y la aprehensi\u00f3n de morador masculino mayor de edad.<\/p>\n\n\n\n<p>El fin de estas diligencias es dar con el arma utilizada por el acusado Lucas Fernandez, que hasta el momento no fue localizada.<\/p>\n\n\n\n<figure class=\"wp-block-image size-large\"><img decoding=\"async\" width=\"768\" height=\"1024\" data-attachment-id=\"75179\" data-permalink=\"https:\/\/eldiariodesanpedro.com.ar\/sitio\/caso-lencina-sigue-sin-aparecer-el-arma-homicida\/whatsapp-image-2020-06-06-at-10-32-13-1\/\" data-orig-file=\"https:\/\/eldiariodesanpedro.com.ar\/sitio\/wp-content\/uploads\/2020\/06\/WhatsApp-Image-2020-06-06-at-10.32.13-1.jpeg\" data-orig-size=\"960,1280\" data-comments-opened=\"1\" data-image-meta=\"{&quot;aperture&quot;:&quot;0&quot;,&quot;credit&quot;:&quot;&quot;,&quot;camera&quot;:&quot;&quot;,&quot;caption&quot;:&quot;&quot;,&quot;created_timestamp&quot;:&quot;0&quot;,&quot;copyright&quot;:&quot;&quot;,&quot;focal_length&quot;:&quot;0&quot;,&quot;iso&quot;:&quot;0&quot;,&quot;shutter_speed&quot;:&quot;0&quot;,&quot;title&quot;:&quot;&quot;,&quot;orientation&quot;:&quot;0&quot;}\" data-image-title=\"WhatsApp Image 2020-06-06 at 10.32.13 (1)\" data-image-description=\"\" data-image-caption=\"\" data-large-file=\"https:\/\/eldiariodesanpedro.com.ar\/sitio\/wp-content\/uploads\/2020\/06\/WhatsApp-Image-2020-06-06-at-10.32.13-1-768x1024.jpeg\" data-src=\"https:\/\/eldiariodesanpedro.com.ar\/sitio\/wp-content\/uploads\/2020\/06\/WhatsApp-Image-2020-06-06-at-10.32.13-1-768x1024.jpeg\" alt=\"\" class=\"wp-image-75179 lazyload\" data-srcset=\"https:\/\/eldiariodesanpedro.com.ar\/sitio\/wp-content\/uploads\/2020\/06\/WhatsApp-Image-2020-06-06-at-10.32.13-1-768x1024.jpeg 768w, https:\/\/eldiariodesanpedro.com.ar\/sitio\/wp-content\/uploads\/2020\/06\/WhatsApp-Image-2020-06-06-at-10.32.13-1-225x300.jpeg 225w, https:\/\/eldiariodesanpedro.com.ar\/sitio\/wp-content\/uploads\/2020\/06\/WhatsApp-Image-2020-06-06-at-10.32.13-1.jpeg 960w\" data-sizes=\"(max-width: 768px) 100vw, 768px\" src=\"data:image\/svg+xml;base64,PHN2ZyB3aWR0aD0iMSIgaGVpZ2h0PSIxIiB4bWxucz0iaHR0cDovL3d3dy53My5vcmcvMjAwMC9zdmciPjwvc3ZnPg==\" style=\"--smush-placeholder-width: 768px; --smush-placeholder-aspect-ratio: 768\/1024;\" \/><\/figure>\n","protected":false},"excerpt":{"rendered":"<p>Por el homicidio de Milc\u00edades Lencina se realizaron allanamientos por parte de GTO con resultados positivos tras tareas de investigaci\u00f3n. Durante la madrugada de este s\u00e1bado el Grupo de Tareas Operativas (GTO) a cargo de Guillermo Turci realiz\u00f3 tareas de allanamiento en el Barrio Hermano Indio tras varias tareas de averiguaciones y solicitado por el [&hellip;]<\/p>\n","protected":false},"author":4,"featured_media":75178,"comment_status":"open","ping_status":"closed","sticky":false,"template":"","format":"standard","meta":{"om_disable_all_campaigns":false,"_jetpack_memberships_contains_paid_content":false,"footnotes":""},"categories":[50,2,103],"tags":[122,1394,19],"class_list":["post-75177","post","type-post","status-publish","format-standard","has-post-thumbnail","hentry","category-destacadas","category-locales","category-policiales-locales","tag-allanamiento","tag-caso-lencina","tag-san-pedro"],"aioseo_notices":[],"gutentor_comment":0,"jetpack_featured_media_url":"https:\/\/eldiariodesanpedro.com.ar\/sitio\/wp-content\/uploads\/2020\/06\/WhatsApp-Image-2020-06-06-at-10.32.13.jpeg","jetpack_shortlink":"https:\/\/wp.me\/p6RhLt-jyx","jetpack_sharing_enabled":true,"_links":{"self":[{"href":"https:\/\/eldiariodesanpedro.com.ar\/sitio\/wp-json\/wp\/v2\/posts\/75177","targetHints":{"allow":["GET"]}}],"collection":[{"href":"https:\/\/eldiariodesanpedro.com.ar\/sitio\/wp-json\/wp\/v2\/posts"}],"about":[{"href":"https:\/\/eldiariodesanpedro.com.ar\/sitio\/wp-json\/wp\/v2\/types\/post"}],"author":[{"embeddable":true,"href":"https:\/\/eldiariodesanpedro.com.ar\/sitio\/wp-json\/wp\/v2\/users\/4"}],"replies":[{"embeddable":true,"href":"https:\/\/eldiariodesanpedro.com.ar\/sitio\/wp-json\/wp\/v2\/comments?post=75177"}],"version-history":[{"count":1,"href":"https:\/\/eldiariodesanpedro.com.ar\/sitio\/wp-json\/wp\/v2\/posts\/75177\/revisions"}],"predecessor-version":[{"id":75180,"href":"https:\/\/eldiariodesanpedro.com.ar\/sitio\/wp-json\/wp\/v2\/posts\/75177\/revisions\/75180"}],"wp:featuredmedia":[{"embeddable":true,"href":"https:\/\/eldiariodesanpedro.com.ar\/sitio\/wp-json\/wp\/v2\/media\/75178"}],"wp:attachment":[{"href":"https:\/\/eldiariodesanpedro.com.ar\/sitio\/wp-json\/wp\/v2\/media?parent=75177"}],"wp:term":[{"taxonomy":"category","embeddable":true,"href":"https:\/\/eldiariodesanpedro.com.ar\/sitio\/wp-json\/wp\/v2\/categories?post=75177"},{"taxonomy":"post_tag","embeddable":true,"href":"https:\/\/eldiariodesanpedro.com.ar\/sitio\/wp-json\/wp\/v2\/tags?post=75177"}],"curies":[{"name":"wp","href":"https:\/\/api.w.org\/{rel}","templated":true}]}}