{"id":75175,"date":"2020-06-05T20:44:12","date_gmt":"2020-06-05T23:44:12","guid":{"rendered":"https:\/\/eldiariodesanpedro.com.ar\/sitio\/?p=75175"},"modified":"2020-06-05T20:44:16","modified_gmt":"2020-06-05T23:44:16","slug":"los-contactos-estrechos-con-el-medico-zarateno-dieron-dieron-negativos","status":"publish","type":"post","link":"https:\/\/eldiariodesanpedro.com.ar\/sitio\/los-contactos-estrechos-con-el-medico-zarateno-dieron-dieron-negativos\/","title":{"rendered":"Los contactos estrechos con el m\u00e9dico zarate\u00f1o dieron dieron negativos"},"content":{"rendered":"<!-- VideographyWP Plugin Message: Automatic video embedding prevented by plugin options. -->\n\n<p>La Secretar\u00eda de Salud informa que en el d\u00eda de hoy se han enviado tres nuevas muestras al Laboratorio del Instituto Maiztegui. Las mismas fueron tomadas en mujeres de 26, 43 y 96 a\u00f1os. <\/p>\n\n\n\n<p>Ademas, se recibieron los resultados de las trece muestras enviadas en el d\u00eda de ayer, que corresponden a quienes tuvieron contacto con el m\u00e9dico que dio positivo en los \u00faltimos d\u00edas y quienes consultaron recientemente, y dieron RESULTADO NEGATIVO. <\/p>\n\n\n\n<p>La muestra tomada al m\u00e9dico que fue el primer caso registrado en San Pedro sigue dando positivo de Covid-19 y el paciente continuar\u00e1 con su tratamiento y aislamiento domiciliario.<\/p>\n\n\n\n<p><em>Nuevas muestras enviadas: 3<\/em><\/p>\n\n\n\n<p><em>Muestras Pendientes: 3<\/em><\/p>\n\n\n\n<p><em>Nuevas muestras negativas: 12<\/em><\/p>\n\n\n\n<p><em>Nuevos Casos Positivos: 0<\/em><\/p>\n\n\n\n<p><em>Total de muestras negativas: 166<\/em><\/p>\n\n\n\n<p><em>Se recuerda que, ante s\u00edntomas de tos seca, fiebre y dolor de garganta y la probabilidad de haber estado en contacto con enfermos o viajeros llegados desde las zonas transmisi\u00f3n local o comunitaria se puede llamar al 148 o 107.<\/em><\/p>\n","protected":false},"excerpt":{"rendered":"<p>La Secretar\u00eda de Salud informa que en el d\u00eda de hoy se han enviado tres nuevas muestras al Laboratorio del Instituto Maiztegui. Las mismas fueron tomadas en mujeres de 26, 43 y 96 a\u00f1os. Ademas, se recibieron los resultados de las trece muestras enviadas en el d\u00eda de ayer, que corresponden a quienes tuvieron contacto [&hellip;]<\/p>\n","protected":false},"author":4,"featured_media":74001,"comment_status":"open","ping_status":"closed","sticky":false,"template":"","format":"standard","meta":{"om_disable_all_campaigns":false,"_jetpack_memberships_contains_paid_content":false,"footnotes":""},"categories":[50,101,2],"tags":[197,808,33,1125,19],"class_list":["post-75175","post","type-post","status-publish","format-standard","has-post-thumbnail","hentry","category-destacadas","category-interes-general-locales","category-locales","tag-buenos-aires","tag-coronavirus","tag-locales","tag-negativos","tag-san-pedro"],"aioseo_notices":[],"gutentor_comment":0,"jetpack_featured_media_url":"https:\/\/eldiariodesanpedro.com.ar\/sitio\/wp-content\/uploads\/2020\/05\/no_xkh5tgbb0cg5s6s20200518_200031_0000.png","jetpack_shortlink":"https:\/\/wp.me\/p6RhLt-jyv","jetpack_sharing_enabled":true,"_links":{"self":[{"href":"https:\/\/eldiariodesanpedro.com.ar\/sitio\/wp-json\/wp\/v2\/posts\/75175","targetHints":{"allow":["GET"]}}],"collection":[{"href":"https:\/\/eldiariodesanpedro.com.ar\/sitio\/wp-json\/wp\/v2\/posts"}],"about":[{"href":"https:\/\/eldiariodesanpedro.com.ar\/sitio\/wp-json\/wp\/v2\/types\/post"}],"author":[{"embeddable":true,"href":"https:\/\/eldiariodesanpedro.com.ar\/sitio\/wp-json\/wp\/v2\/users\/4"}],"replies":[{"embeddable":true,"href":"https:\/\/eldiariodesanpedro.com.ar\/sitio\/wp-json\/wp\/v2\/comments?post=75175"}],"version-history":[{"count":1,"href":"https:\/\/eldiariodesanpedro.com.ar\/sitio\/wp-json\/wp\/v2\/posts\/75175\/revisions"}],"predecessor-version":[{"id":75176,"href":"https:\/\/eldiariodesanpedro.com.ar\/sitio\/wp-json\/wp\/v2\/posts\/75175\/revisions\/75176"}],"wp:featuredmedia":[{"embeddable":true,"href":"https:\/\/eldiariodesanpedro.com.ar\/sitio\/wp-json\/wp\/v2\/media\/74001"}],"wp:attachment":[{"href":"https:\/\/eldiariodesanpedro.com.ar\/sitio\/wp-json\/wp\/v2\/media?parent=75175"}],"wp:term":[{"taxonomy":"category","embeddable":true,"href":"https:\/\/eldiariodesanpedro.com.ar\/sitio\/wp-json\/wp\/v2\/categories?post=75175"},{"taxonomy":"post_tag","embeddable":true,"href":"https:\/\/eldiariodesanpedro.com.ar\/sitio\/wp-json\/wp\/v2\/tags?post=75175"}],"curies":[{"name":"wp","href":"https:\/\/api.w.org\/{rel}","templated":true}]}}