{"id":75172,"date":"2020-06-05T19:35:05","date_gmt":"2020-06-05T22:35:05","guid":{"rendered":"https:\/\/eldiariodesanpedro.com.ar\/sitio\/?p=75172"},"modified":"2020-06-05T19:35:08","modified_gmt":"2020-06-05T22:35:08","slug":"capitan-sarmiento-llego-a-24-contagios-y-espera-seis-resultados","status":"publish","type":"post","link":"https:\/\/eldiariodesanpedro.com.ar\/sitio\/capitan-sarmiento-llego-a-24-contagios-y-espera-seis-resultados\/","title":{"rendered":"CAPIT\u00c1N SARMIENTO |  Lleg\u00f3 a 24 contagios y espera seis resultados"},"content":{"rendered":"<!-- VideographyWP Plugin Message: Automatic video embedding prevented by plugin options. -->\n\n<p>La Dra. Anabella Piquer, vocera del Comit\u00e9 de Crisis de Capit\u00e1n Sarmiento, inform\u00f3 esta ma\u00f1ana que se confirm\u00f3 un caso m\u00e1s de coronavirus en la vecina localidad.<\/p>\n\n\n\n<p>De este modo, los contagiados en Sarmiento ascienden a 24. Al momento quedan seis en estudio.<\/p>\n\n\n\n<p>Desde el inicio de la pandemia se tomaron 261 muestras, con 231 que arrojaron resultado negativo.<\/p>\n\n\n\n<p>Fuente: <a href=\"https:\/\/arrecifesnoticias.com\/sociedad\/sarmiento-llego-a-24-contagios-y-espera-seis-resultados\/\">Arrecifes Noticias<\/a><\/p>\n","protected":false},"excerpt":{"rendered":"<p>La Dra. Anabella Piquer, vocera del Comit\u00e9 de Crisis de Capit\u00e1n Sarmiento, inform\u00f3 esta ma\u00f1ana que se confirm\u00f3 un caso m\u00e1s de coronavirus en la vecina localidad. De este modo, los contagiados en Sarmiento ascienden a 24. Al momento quedan seis en estudio. Desde el inicio de la pandemia se tomaron 261 muestras, con 231 [&hellip;]<\/p>\n","protected":false},"author":4,"featured_media":75173,"comment_status":"open","ping_status":"closed","sticky":false,"template":"","format":"standard","meta":{"om_disable_all_campaigns":false,"_jetpack_memberships_contains_paid_content":false,"footnotes":""},"categories":[621],"tags":[197,1324,808,681],"class_list":["post-75172","post","type-post","status-publish","format-standard","has-post-thumbnail","hentry","category-regionales","tag-buenos-aires","tag-capitan-sarmiento","tag-coronavirus","tag-regionales"],"aioseo_notices":[],"gutentor_comment":0,"jetpack_featured_media_url":"https:\/\/eldiariodesanpedro.com.ar\/sitio\/wp-content\/uploads\/2020\/06\/Capitan-Sarmiento-713x510-1.jpg","jetpack_shortlink":"https:\/\/wp.me\/p6RhLt-jys","jetpack_sharing_enabled":true,"_links":{"self":[{"href":"https:\/\/eldiariodesanpedro.com.ar\/sitio\/wp-json\/wp\/v2\/posts\/75172","targetHints":{"allow":["GET"]}}],"collection":[{"href":"https:\/\/eldiariodesanpedro.com.ar\/sitio\/wp-json\/wp\/v2\/posts"}],"about":[{"href":"https:\/\/eldiariodesanpedro.com.ar\/sitio\/wp-json\/wp\/v2\/types\/post"}],"author":[{"embeddable":true,"href":"https:\/\/eldiariodesanpedro.com.ar\/sitio\/wp-json\/wp\/v2\/users\/4"}],"replies":[{"embeddable":true,"href":"https:\/\/eldiariodesanpedro.com.ar\/sitio\/wp-json\/wp\/v2\/comments?post=75172"}],"version-history":[{"count":1,"href":"https:\/\/eldiariodesanpedro.com.ar\/sitio\/wp-json\/wp\/v2\/posts\/75172\/revisions"}],"predecessor-version":[{"id":75174,"href":"https:\/\/eldiariodesanpedro.com.ar\/sitio\/wp-json\/wp\/v2\/posts\/75172\/revisions\/75174"}],"wp:featuredmedia":[{"embeddable":true,"href":"https:\/\/eldiariodesanpedro.com.ar\/sitio\/wp-json\/wp\/v2\/media\/75173"}],"wp:attachment":[{"href":"https:\/\/eldiariodesanpedro.com.ar\/sitio\/wp-json\/wp\/v2\/media?parent=75172"}],"wp:term":[{"taxonomy":"category","embeddable":true,"href":"https:\/\/eldiariodesanpedro.com.ar\/sitio\/wp-json\/wp\/v2\/categories?post=75172"},{"taxonomy":"post_tag","embeddable":true,"href":"https:\/\/eldiariodesanpedro.com.ar\/sitio\/wp-json\/wp\/v2\/tags?post=75172"}],"curies":[{"name":"wp","href":"https:\/\/api.w.org\/{rel}","templated":true}]}}