{"id":7515,"date":"2016-08-25T19:57:09","date_gmt":"2016-08-25T22:57:09","guid":{"rendered":"https:\/\/eldiariodesanpedro.com.ar\/sitio\/?p=7515"},"modified":"2016-08-25T19:57:09","modified_gmt":"2016-08-25T22:57:09","slug":"se-concreto-un-encuentro-entre-accionistas-y-empleados-para-reactivar-la-clinica-san-martin","status":"publish","type":"post","link":"https:\/\/eldiariodesanpedro.com.ar\/sitio\/se-concreto-un-encuentro-entre-accionistas-y-empleados-para-reactivar-la-clinica-san-martin\/","title":{"rendered":"Se concret\u00f3 un encuentro entre accionistas y empleados para reactivar la Cl\u00ednica San Mart\u00edn"},"content":{"rendered":"<p><!-- VideographyWP Plugin Message: Automatic video embedding prevented by plugin options. --><br \/>\nUna luz de esperanza se gener\u00f3 ayer a la tarde en la reuni\u00f3n que se llev\u00f3 a cabo entre algunos de los accionistas y los empleados. Estuvieron presente Salgado, Duffard, Bonna, Ronte, Ureta, Villa y tambi\u00e9n la mujer del fallecido Dr. Giordano.<br \/>\nLo cierto es que all\u00ed manifestaron sus intenciones de volver a poner en funcionamiento el centro asistencial, que demandar\u00e1 un gran esfuerzo, pero que por ahora parece ser la mejor salida para todas las partes.<br \/>\nLuego del encuentro, el Dr. Duffard manifest\u00f3 que, tras la desaz\u00f3n de la reuni\u00f3n donde la Coopser manifest\u00f3 que en forma definitiva no continuaba ning\u00fan tipo de negociaci\u00f3n, habl\u00f3 \u201cen caliente\u201d, en referencia al \u201ctema del cierre y la quiebra\u201d.<br \/>\nEn tanto, sostuvo que la idea es \u201ctratar de abrir la cl\u00ednica como policonsultorios por ahora. Hacer una apertura gradual. Empezar con consultorios, cirug\u00eda menor, laboratorio, rayos, todo lo que es ambulatorio. Esperar la parte de internaci\u00f3n porque es lo que m\u00e1s gasto genera\u201d.<br \/>\nAsimismo, manifest\u00f3 que \u201cla deuda es algo que hay que reconocer\u201d, y agreg\u00f3: \u201cPor ah\u00ed no se puede pagar de entrada\u201d, \u201cva a ser gradual en la medida que funcione\u201d.<br \/>\n\u201cTodo eso es lo que le planteamos a los empleados, ellos ahora est\u00e1n reunidos discutiendo si esto es potable o no\u201d, dijo.<br \/>\nPor su parte, el Dr. Salgado asever\u00f3 que \u201cla recepci\u00f3n fue buen\u00edsima, ellas tienen la intenci\u00f3n de empezar\u201d. \u201cMa\u00f1ana nos reuniremos de nuevo. Lo que se les plant\u00f3 es que ellas discutan el tema entre s\u00ed, por supuesto como en todo grupo, algunos van a estar de acuerdo y otro no\u201d.<br \/>\nAsimismo dijo: \u201cDe mi parte, con la ansiedad que tengo, hay que empezar cuanto antes\u201d. \u201cPor suerte la cl\u00ednica est\u00e1 habilitada para trabajar como cl\u00ednica\u201d, \u201clas condiciones edilicias est\u00e1n conservadas\u201d. Y en ese sentido, agreg\u00f3: \u201cNosotros no podemos entrar en otro mes debiendo sueldos, si estamos de acuerdo, el 29 que abran las puertas\u201d. <\/p>\n","protected":false},"excerpt":{"rendered":"<p>Una luz de esperanza se gener\u00f3 ayer a la tarde en la reuni\u00f3n que se llev\u00f3 a cabo entre algunos de los accionistas y los empleados. Estuvieron presente Salgado, Duffard, Bonna, Ronte, Ureta, Villa y tambi\u00e9n la mujer del fallecido Dr. Giordano. Lo cierto es que all\u00ed manifestaron sus intenciones de volver a poner en [&hellip;]<\/p>\n","protected":false},"author":4,"featured_media":7516,"comment_status":"open","ping_status":"closed","sticky":false,"template":"","format":"standard","meta":{"om_disable_all_campaigns":false,"_jetpack_memberships_contains_paid_content":false,"footnotes":""},"categories":[50,101,2],"tags":[],"class_list":["post-7515","post","type-post","status-publish","format-standard","has-post-thumbnail","hentry","category-destacadas","category-interes-general-locales","category-locales"],"aioseo_notices":[],"gutentor_comment":0,"jetpack_featured_media_url":"https:\/\/eldiariodesanpedro.com.ar\/sitio\/wp-content\/uploads\/2016\/08\/PAGINA-3-16.jpg","jetpack_shortlink":"https:\/\/wp.me\/p6RhLt-1Xd","jetpack_sharing_enabled":true,"_links":{"self":[{"href":"https:\/\/eldiariodesanpedro.com.ar\/sitio\/wp-json\/wp\/v2\/posts\/7515","targetHints":{"allow":["GET"]}}],"collection":[{"href":"https:\/\/eldiariodesanpedro.com.ar\/sitio\/wp-json\/wp\/v2\/posts"}],"about":[{"href":"https:\/\/eldiariodesanpedro.com.ar\/sitio\/wp-json\/wp\/v2\/types\/post"}],"author":[{"embeddable":true,"href":"https:\/\/eldiariodesanpedro.com.ar\/sitio\/wp-json\/wp\/v2\/users\/4"}],"replies":[{"embeddable":true,"href":"https:\/\/eldiariodesanpedro.com.ar\/sitio\/wp-json\/wp\/v2\/comments?post=7515"}],"version-history":[{"count":1,"href":"https:\/\/eldiariodesanpedro.com.ar\/sitio\/wp-json\/wp\/v2\/posts\/7515\/revisions"}],"predecessor-version":[{"id":7517,"href":"https:\/\/eldiariodesanpedro.com.ar\/sitio\/wp-json\/wp\/v2\/posts\/7515\/revisions\/7517"}],"wp:featuredmedia":[{"embeddable":true,"href":"https:\/\/eldiariodesanpedro.com.ar\/sitio\/wp-json\/wp\/v2\/media\/7516"}],"wp:attachment":[{"href":"https:\/\/eldiariodesanpedro.com.ar\/sitio\/wp-json\/wp\/v2\/media?parent=7515"}],"wp:term":[{"taxonomy":"category","embeddable":true,"href":"https:\/\/eldiariodesanpedro.com.ar\/sitio\/wp-json\/wp\/v2\/categories?post=7515"},{"taxonomy":"post_tag","embeddable":true,"href":"https:\/\/eldiariodesanpedro.com.ar\/sitio\/wp-json\/wp\/v2\/tags?post=7515"}],"curies":[{"name":"wp","href":"https:\/\/api.w.org\/{rel}","templated":true}]}}