{"id":75065,"date":"2020-06-04T13:35:46","date_gmt":"2020-06-04T16:35:46","guid":{"rendered":"https:\/\/eldiariodesanpedro.com.ar\/sitio\/?p=75065"},"modified":"2020-06-04T13:35:47","modified_gmt":"2020-06-04T16:35:47","slug":"ramallo-buscan-a-una-menor-de-perez-millan","status":"publish","type":"post","link":"https:\/\/eldiariodesanpedro.com.ar\/sitio\/ramallo-buscan-a-una-menor-de-perez-millan\/","title":{"rendered":"RAMALLO | Buscan a una menor de Perez Mill\u00e1n"},"content":{"rendered":"<!-- VideographyWP Plugin Message: Automatic video embedding prevented by plugin options. -->\n\n<p>La Jefatura Departamental inform\u00f3que se encuentra buscando a Eva Marilin Sanchez, un nena de 13 a\u00f1os de Perez Millan quien se ausent\u00f3 de su hogar.<\/p>\n\n\n\n<p>Eva Marilin Sanchez, argentina, instruida, soltera, estudiante, de 13 a\u00f1os de edad, domiciliada en calle Azopardo y Moreno de P\u00e9rez Mill\u00e1n, DNI nro., 47.440.185 que es de t\u00e9s morena, de 1,65 mts de estatura, cabello negro largo recogido, ojos marrones oscuros, no posee tatuajes y posee como se\u00f1a particular aro oreja izquierda, al momento de retirarse vest\u00eda un jeans azul oscuro gastado en las extremidades y en los pies pose\u00eda colocado unas zapatillas de hombres color azul con detalles blancos a los costados semi deportivas. <\/p>\n\n\n\n<p>La misma se ausent\u00f3 el d\u00eda Martes 02 cerca de las 20.00 hs, de su domicilio sito en calle Azopardo y Moreno, de este medio, desconociendo su paradero actual.<\/p>\n\n\n\n<p>Ante cualquier novedad comunicarse al abonado telef\u00f3nico N\u00b0 03329- 492032 o sede de Ayudant\u00eda Fiscal Ramallo N\u00b0 03407-480321<\/p>\n\n\n\n<p>Fuente: <a href=\"https:\/\/www.ramalloinforma.com.ar\/policiales\/buscan-a-una-menor-de-perez-millan\/\">Ramallo Informa<\/a><\/p>\n\n\n\n<figure class=\"wp-block-image size-large is-resized\"><img decoding=\"async\" data-attachment-id=\"75066\" data-permalink=\"https:\/\/eldiariodesanpedro.com.ar\/sitio\/ramallo-buscan-a-una-menor-de-perez-millan\/nena-buscada\/\" data-orig-file=\"https:\/\/eldiariodesanpedro.com.ar\/sitio\/wp-content\/uploads\/2020\/06\/nena-buscada.jpg\" data-orig-size=\"118,226\" data-comments-opened=\"1\" data-image-meta=\"{&quot;aperture&quot;:&quot;0&quot;,&quot;credit&quot;:&quot;&quot;,&quot;camera&quot;:&quot;&quot;,&quot;caption&quot;:&quot;&quot;,&quot;created_timestamp&quot;:&quot;1591197027&quot;,&quot;copyright&quot;:&quot;&quot;,&quot;focal_length&quot;:&quot;0&quot;,&quot;iso&quot;:&quot;0&quot;,&quot;shutter_speed&quot;:&quot;0&quot;,&quot;title&quot;:&quot;&quot;,&quot;orientation&quot;:&quot;1&quot;}\" data-image-title=\"nena-buscada\" data-image-description=\"\" data-image-caption=\"\" data-large-file=\"https:\/\/eldiariodesanpedro.com.ar\/sitio\/wp-content\/uploads\/2020\/06\/nena-buscada.jpg\" data-src=\"https:\/\/eldiariodesanpedro.com.ar\/sitio\/wp-content\/uploads\/2020\/06\/nena-buscada.jpg\" alt=\"\" class=\"wp-image-75066 lazyload\" width=\"569\" height=\"1090\" src=\"data:image\/svg+xml;base64,PHN2ZyB3aWR0aD0iMSIgaGVpZ2h0PSIxIiB4bWxucz0iaHR0cDovL3d3dy53My5vcmcvMjAwMC9zdmciPjwvc3ZnPg==\" style=\"--smush-placeholder-width: 569px; --smush-placeholder-aspect-ratio: 569\/1090;\" \/><\/figure>\n","protected":false},"excerpt":{"rendered":"<p>La Jefatura Departamental inform\u00f3que se encuentra buscando a Eva Marilin Sanchez, un nena de 13 a\u00f1os de Perez Millan quien se ausent\u00f3 de su hogar. Eva Marilin Sanchez, argentina, instruida, soltera, estudiante, de 13 a\u00f1os de edad, domiciliada en calle Azopardo y Moreno de P\u00e9rez Mill\u00e1n, DNI nro., 47.440.185 que es de t\u00e9s morena, de [&hellip;]<\/p>\n","protected":false},"author":4,"featured_media":75067,"comment_status":"open","ping_status":"closed","sticky":false,"template":"","format":"standard","meta":{"om_disable_all_campaigns":false,"_jetpack_memberships_contains_paid_content":false,"footnotes":""},"categories":[621],"tags":[1014,784,347],"class_list":["post-75065","post","type-post","status-publish","format-standard","has-post-thumbnail","hentry","category-regionales","tag-busqueda","tag-perez-millan","tag-ramallo"],"aioseo_notices":[],"gutentor_comment":0,"jetpack_featured_media_url":"https:\/\/eldiariodesanpedro.com.ar\/sitio\/wp-content\/uploads\/2020\/06\/Sin-t\u00edtulo-2-1.png","jetpack_shortlink":"https:\/\/wp.me\/p6RhLt-jwJ","jetpack_sharing_enabled":true,"_links":{"self":[{"href":"https:\/\/eldiariodesanpedro.com.ar\/sitio\/wp-json\/wp\/v2\/posts\/75065","targetHints":{"allow":["GET"]}}],"collection":[{"href":"https:\/\/eldiariodesanpedro.com.ar\/sitio\/wp-json\/wp\/v2\/posts"}],"about":[{"href":"https:\/\/eldiariodesanpedro.com.ar\/sitio\/wp-json\/wp\/v2\/types\/post"}],"author":[{"embeddable":true,"href":"https:\/\/eldiariodesanpedro.com.ar\/sitio\/wp-json\/wp\/v2\/users\/4"}],"replies":[{"embeddable":true,"href":"https:\/\/eldiariodesanpedro.com.ar\/sitio\/wp-json\/wp\/v2\/comments?post=75065"}],"version-history":[{"count":1,"href":"https:\/\/eldiariodesanpedro.com.ar\/sitio\/wp-json\/wp\/v2\/posts\/75065\/revisions"}],"predecessor-version":[{"id":75069,"href":"https:\/\/eldiariodesanpedro.com.ar\/sitio\/wp-json\/wp\/v2\/posts\/75065\/revisions\/75069"}],"wp:featuredmedia":[{"embeddable":true,"href":"https:\/\/eldiariodesanpedro.com.ar\/sitio\/wp-json\/wp\/v2\/media\/75067"}],"wp:attachment":[{"href":"https:\/\/eldiariodesanpedro.com.ar\/sitio\/wp-json\/wp\/v2\/media?parent=75065"}],"wp:term":[{"taxonomy":"category","embeddable":true,"href":"https:\/\/eldiariodesanpedro.com.ar\/sitio\/wp-json\/wp\/v2\/categories?post=75065"},{"taxonomy":"post_tag","embeddable":true,"href":"https:\/\/eldiariodesanpedro.com.ar\/sitio\/wp-json\/wp\/v2\/tags?post=75065"}],"curies":[{"name":"wp","href":"https:\/\/api.w.org\/{rel}","templated":true}]}}