{"id":7506,"date":"2016-08-25T19:44:15","date_gmt":"2016-08-25T22:44:15","guid":{"rendered":"https:\/\/eldiariodesanpedro.com.ar\/sitio\/?p=7506"},"modified":"2016-08-25T19:54:17","modified_gmt":"2016-08-25T22:54:17","slug":"se-volvio-a-suspender-la-indagatoria-a-barbieri","status":"publish","type":"post","link":"https:\/\/eldiariodesanpedro.com.ar\/sitio\/se-volvio-a-suspender-la-indagatoria-a-barbieri\/","title":{"rendered":"Se volvi\u00f3 a suspender la indagatoria a Barbieri"},"content":{"rendered":"<p><!-- VideographyWP Plugin Message: Automatic video embedding prevented by plugin options. --><br \/>\nEntre idas y vueltas, parece que las indagatorias a Barbieri, Peir\u00f3 y Giribaldi se posponen indefinidamente. En este caso, una presentaci\u00f3n del Dr. Benito Aldazabal para que prescriba la causa para Giribaldi y Peir\u00f3 motiv\u00f3 que la exposici\u00f3n que deb\u00eda hacer Barbieri ayer sea suspendida por la Fiscal\u00eda N\u00ba 11.<br \/>\nEs porque \u201cla indagatoria de ellos se hab\u00eda hecho en el 2010\u201d y \u201cyo hab\u00eda pedido hace unos d\u00edas atr\u00e1s el pedido de extinci\u00f3n de la acci\u00f3n penal por prescripci\u00f3n respecto a ellos, con el pedido de sobreseimiento\u201d, explic\u00f3 Aldazabal.<br \/>\n\u201cLa jueza estim\u00f3 que era importante tener la causa en su poder y notificarle del pedido m\u00edo a la<br \/>\nfiscal, para lo cual pidi\u00f3 que le llevaran la causa y fuera ella para notificarle de mi pedido de prescripci\u00f3n sobre Garibaldi y Peir\u00f3\u201d, asegur\u00f3.<br \/>\nY en ese sentido, agreg\u00f3: \u201cLa fiscal tiene 5 d\u00edas para contestar mi pedido, despu\u00e9s la jueza va a resolver\u201d.<br \/>\nEs por ello que Aldazabal ha pedido, debido al tiempo que tiene la causa (unos diez a\u00f1os) y a que pr\u00e1cticamente no se avanz\u00f3 en definir la responsabilidad de ambos, que sean desafectados de la imputaci\u00f3n que los liga a la causa.<br \/>\nDe considerarlo as\u00ed, por parte del Juzgado, el exintendente Municipal continuar\u00eda ligado la causa, aunque Aldazabal ha manifestado que \u201cest\u00e1 \u00e1vido de declarar\u201d y que tienen las pruebas suficientes para demostrar que no tiene responsabilidad alguna.<br \/>\nSin embargo, habr\u00e1 que ver qu\u00e9 define la Justicia. Parece bastante improbable que as\u00ed ocurra, producto de que no lo hab\u00edan considerado as\u00ed hasta el momento, requiri\u00e9ndole a la fiscala Ramos que avance en la investigaci\u00f3n. Parece m\u00e1s, que el nuevo artilugio legal encontrado por el Dr. Aldazabal ha permitido que la situaci\u00f3n que deb\u00eda concretarse ayer se posponga nuevamente.<br \/>\nCabe recordar que el exintendente deber\u00e1 comparecer ante la Justicia por la denuncia en su contra por Administraci\u00f3n Fraudulenta, Estafa y Malversaci\u00f3n de Fondos por la construcci\u00f3n de las edificaciones de p\u00e9sima calidad o incompletas del barrio San Francisco.<\/p>\n","protected":false},"excerpt":{"rendered":"<p>Entre idas y vueltas, parece que las indagatorias a Barbieri, Peir\u00f3 y Giribaldi se posponen indefinidamente. En este caso, una presentaci\u00f3n del Dr. Benito Aldazabal para que prescriba la causa para Giribaldi y Peir\u00f3 motiv\u00f3 que la exposici\u00f3n que deb\u00eda hacer Barbieri ayer sea suspendida por la Fiscal\u00eda N\u00ba 11. Es porque \u201cla indagatoria de [&hellip;]<\/p>\n","protected":false},"author":4,"featured_media":7514,"comment_status":"open","ping_status":"closed","sticky":false,"template":"","format":"standard","meta":{"om_disable_all_campaigns":false,"_jetpack_memberships_contains_paid_content":false,"footnotes":""},"categories":[50,2,102],"tags":[],"class_list":["post-7506","post","type-post","status-publish","format-standard","has-post-thumbnail","hentry","category-destacadas","category-locales","category-politica-locales"],"aioseo_notices":[],"gutentor_comment":0,"jetpack_featured_media_url":"https:\/\/eldiariodesanpedro.com.ar\/sitio\/wp-content\/uploads\/2016\/08\/barbieri.jpg","jetpack_shortlink":"https:\/\/wp.me\/p6RhLt-1X4","jetpack_sharing_enabled":true,"_links":{"self":[{"href":"https:\/\/eldiariodesanpedro.com.ar\/sitio\/wp-json\/wp\/v2\/posts\/7506","targetHints":{"allow":["GET"]}}],"collection":[{"href":"https:\/\/eldiariodesanpedro.com.ar\/sitio\/wp-json\/wp\/v2\/posts"}],"about":[{"href":"https:\/\/eldiariodesanpedro.com.ar\/sitio\/wp-json\/wp\/v2\/types\/post"}],"author":[{"embeddable":true,"href":"https:\/\/eldiariodesanpedro.com.ar\/sitio\/wp-json\/wp\/v2\/users\/4"}],"replies":[{"embeddable":true,"href":"https:\/\/eldiariodesanpedro.com.ar\/sitio\/wp-json\/wp\/v2\/comments?post=7506"}],"version-history":[{"count":1,"href":"https:\/\/eldiariodesanpedro.com.ar\/sitio\/wp-json\/wp\/v2\/posts\/7506\/revisions"}],"predecessor-version":[{"id":7508,"href":"https:\/\/eldiariodesanpedro.com.ar\/sitio\/wp-json\/wp\/v2\/posts\/7506\/revisions\/7508"}],"wp:featuredmedia":[{"embeddable":true,"href":"https:\/\/eldiariodesanpedro.com.ar\/sitio\/wp-json\/wp\/v2\/media\/7514"}],"wp:attachment":[{"href":"https:\/\/eldiariodesanpedro.com.ar\/sitio\/wp-json\/wp\/v2\/media?parent=7506"}],"wp:term":[{"taxonomy":"category","embeddable":true,"href":"https:\/\/eldiariodesanpedro.com.ar\/sitio\/wp-json\/wp\/v2\/categories?post=7506"},{"taxonomy":"post_tag","embeddable":true,"href":"https:\/\/eldiariodesanpedro.com.ar\/sitio\/wp-json\/wp\/v2\/tags?post=7506"}],"curies":[{"name":"wp","href":"https:\/\/api.w.org\/{rel}","templated":true}]}}