{"id":7504,"date":"2016-08-25T19:34:14","date_gmt":"2016-08-25T22:34:14","guid":{"rendered":"https:\/\/eldiariodesanpedro.com.ar\/sitio\/?p=7504"},"modified":"2016-08-25T19:58:42","modified_gmt":"2016-08-25T22:58:42","slug":"un-delincuente-intento-ingresar-a-una-casa-y-fue-capturado-por-su-dueno","status":"publish","type":"post","link":"https:\/\/eldiariodesanpedro.com.ar\/sitio\/un-delincuente-intento-ingresar-a-una-casa-y-fue-capturado-por-su-dueno\/","title":{"rendered":"Un delincuente intent\u00f3 ingresar a una casa y fue capturado por su due\u00f1o"},"content":{"rendered":"<p><!-- VideographyWP Plugin Message: Automatic video embedding prevented by plugin options. --><br \/>\nEl hecho se produjo el mi\u00e9rcoles por la noche en una vivienda de Lavalle al 450. En ese lugar, el due\u00f1o de casa logr\u00f3 detener a un delincuente de 22 a\u00f1os que intentaba ingresar a la vivienda trepando las rejas que dan a la calle.<br \/>\nTras la denuncia telef\u00f3nica, personal policial de la comisar\u00eda junto con el Grupo de Apoyo Departamental se dirigieron al lugar del hecho y aprehendieron y trasladaron al malviviente a la comisar\u00eda. Se labraron actuaciones por el delito de tentativa de robo y en la ma\u00f1ana de este jueves, fue trasladado a sede judicial para que preste declaraci\u00f3n.<\/p>\n","protected":false},"excerpt":{"rendered":"<p>El hecho se produjo el mi\u00e9rcoles por la noche en una vivienda de Lavalle al 450. En ese lugar, el due\u00f1o de casa logr\u00f3 detener a un delincuente de 22 a\u00f1os que intentaba ingresar a la vivienda trepando las rejas que dan a la calle. Tras la denuncia telef\u00f3nica, personal policial de la comisar\u00eda junto [&hellip;]<\/p>\n","protected":false},"author":4,"featured_media":2693,"comment_status":"open","ping_status":"closed","sticky":false,"template":"","format":"standard","meta":{"om_disable_all_campaigns":false,"_jetpack_memberships_contains_paid_content":false,"footnotes":""},"categories":[2,103],"tags":[],"class_list":["post-7504","post","type-post","status-publish","format-standard","has-post-thumbnail","hentry","category-locales","category-policiales-locales"],"aioseo_notices":[],"gutentor_comment":0,"jetpack_featured_media_url":"https:\/\/eldiariodesanpedro.com.ar\/sitio\/wp-content\/uploads\/2016\/04\/Policia-Bonaerense.jpg","jetpack_shortlink":"https:\/\/wp.me\/p6RhLt-1X2","jetpack_sharing_enabled":true,"_links":{"self":[{"href":"https:\/\/eldiariodesanpedro.com.ar\/sitio\/wp-json\/wp\/v2\/posts\/7504","targetHints":{"allow":["GET"]}}],"collection":[{"href":"https:\/\/eldiariodesanpedro.com.ar\/sitio\/wp-json\/wp\/v2\/posts"}],"about":[{"href":"https:\/\/eldiariodesanpedro.com.ar\/sitio\/wp-json\/wp\/v2\/types\/post"}],"author":[{"embeddable":true,"href":"https:\/\/eldiariodesanpedro.com.ar\/sitio\/wp-json\/wp\/v2\/users\/4"}],"replies":[{"embeddable":true,"href":"https:\/\/eldiariodesanpedro.com.ar\/sitio\/wp-json\/wp\/v2\/comments?post=7504"}],"version-history":[{"count":1,"href":"https:\/\/eldiariodesanpedro.com.ar\/sitio\/wp-json\/wp\/v2\/posts\/7504\/revisions"}],"predecessor-version":[{"id":7505,"href":"https:\/\/eldiariodesanpedro.com.ar\/sitio\/wp-json\/wp\/v2\/posts\/7504\/revisions\/7505"}],"wp:featuredmedia":[{"embeddable":true,"href":"https:\/\/eldiariodesanpedro.com.ar\/sitio\/wp-json\/wp\/v2\/media\/2693"}],"wp:attachment":[{"href":"https:\/\/eldiariodesanpedro.com.ar\/sitio\/wp-json\/wp\/v2\/media?parent=7504"}],"wp:term":[{"taxonomy":"category","embeddable":true,"href":"https:\/\/eldiariodesanpedro.com.ar\/sitio\/wp-json\/wp\/v2\/categories?post=7504"},{"taxonomy":"post_tag","embeddable":true,"href":"https:\/\/eldiariodesanpedro.com.ar\/sitio\/wp-json\/wp\/v2\/tags?post=7504"}],"curies":[{"name":"wp","href":"https:\/\/api.w.org\/{rel}","templated":true}]}}