{"id":7501,"date":"2016-08-25T19:32:27","date_gmt":"2016-08-25T22:32:27","guid":{"rendered":"https:\/\/eldiariodesanpedro.com.ar\/sitio\/?p=7501"},"modified":"2016-08-25T19:51:53","modified_gmt":"2016-08-25T22:51:53","slug":"450-mil-litros-para-el-tanque-de-agua","status":"publish","type":"post","link":"https:\/\/eldiariodesanpedro.com.ar\/sitio\/450-mil-litros-para-el-tanque-de-agua\/","title":{"rendered":"450 mil litros para el tanque de agua"},"content":{"rendered":"<p><!-- VideographyWP Plugin Message: Automatic video embedding prevented by plugin options. --><br \/>\nDesde la Secretar\u00eda de Obras P\u00fablicas informaron que \u201cproducto de los trabajos cumplimentados en los \u00faltimos meses, el tanque copa ha llegado al m\u00e1ximo nivel hist\u00f3rico superando los 450.000 litros de agua de reserva\u201d.<br \/>\nLa estructura presentaba falta de mantenimiento, por lo que se limpi\u00f3 y aplic\u00f3 pintura anticorrosiva. Adem\u00e1s, se realiz\u00f3 el cambio del sistema de cloraci\u00f3n.<br \/>\nDel mismo modo, se efectuaron reconexiones, reparaciones de bombas y pozos de extracci\u00f3n de agua, generando un resultado positivo en lo que es el abastecimiento de agua de la ciudad.<\/p>\n","protected":false},"excerpt":{"rendered":"<p>Desde la Secretar\u00eda de Obras P\u00fablicas informaron que \u201cproducto de los trabajos cumplimentados en los \u00faltimos meses, el tanque copa ha llegado al m\u00e1ximo nivel hist\u00f3rico superando los 450.000 litros de agua de reserva\u201d. La estructura presentaba falta de mantenimiento, por lo que se limpi\u00f3 y aplic\u00f3 pintura anticorrosiva. Adem\u00e1s, se realiz\u00f3 el cambio del [&hellip;]<\/p>\n","protected":false},"author":4,"featured_media":7513,"comment_status":"open","ping_status":"closed","sticky":false,"template":"","format":"standard","meta":{"om_disable_all_campaigns":false,"_jetpack_memberships_contains_paid_content":false,"footnotes":""},"categories":[50,101,2],"tags":[],"class_list":["post-7501","post","type-post","status-publish","format-standard","has-post-thumbnail","hentry","category-destacadas","category-interes-general-locales","category-locales"],"aioseo_notices":[],"gutentor_comment":0,"jetpack_featured_media_url":"https:\/\/eldiariodesanpedro.com.ar\/sitio\/wp-content\/uploads\/2016\/08\/PAGINA-4-02-9.jpg","jetpack_shortlink":"https:\/\/wp.me\/p6RhLt-1WZ","jetpack_sharing_enabled":true,"_links":{"self":[{"href":"https:\/\/eldiariodesanpedro.com.ar\/sitio\/wp-json\/wp\/v2\/posts\/7501","targetHints":{"allow":["GET"]}}],"collection":[{"href":"https:\/\/eldiariodesanpedro.com.ar\/sitio\/wp-json\/wp\/v2\/posts"}],"about":[{"href":"https:\/\/eldiariodesanpedro.com.ar\/sitio\/wp-json\/wp\/v2\/types\/post"}],"author":[{"embeddable":true,"href":"https:\/\/eldiariodesanpedro.com.ar\/sitio\/wp-json\/wp\/v2\/users\/4"}],"replies":[{"embeddable":true,"href":"https:\/\/eldiariodesanpedro.com.ar\/sitio\/wp-json\/wp\/v2\/comments?post=7501"}],"version-history":[{"count":1,"href":"https:\/\/eldiariodesanpedro.com.ar\/sitio\/wp-json\/wp\/v2\/posts\/7501\/revisions"}],"predecessor-version":[{"id":7503,"href":"https:\/\/eldiariodesanpedro.com.ar\/sitio\/wp-json\/wp\/v2\/posts\/7501\/revisions\/7503"}],"wp:featuredmedia":[{"embeddable":true,"href":"https:\/\/eldiariodesanpedro.com.ar\/sitio\/wp-json\/wp\/v2\/media\/7513"}],"wp:attachment":[{"href":"https:\/\/eldiariodesanpedro.com.ar\/sitio\/wp-json\/wp\/v2\/media?parent=7501"}],"wp:term":[{"taxonomy":"category","embeddable":true,"href":"https:\/\/eldiariodesanpedro.com.ar\/sitio\/wp-json\/wp\/v2\/categories?post=7501"},{"taxonomy":"post_tag","embeddable":true,"href":"https:\/\/eldiariodesanpedro.com.ar\/sitio\/wp-json\/wp\/v2\/tags?post=7501"}],"curies":[{"name":"wp","href":"https:\/\/api.w.org\/{rel}","templated":true}]}}