{"id":74962,"date":"2020-06-03T20:10:07","date_gmt":"2020-06-03T23:10:07","guid":{"rendered":"https:\/\/eldiariodesanpedro.com.ar\/sitio\/?p=74962"},"modified":"2020-06-04T08:31:25","modified_gmt":"2020-06-04T11:31:25","slug":"un-muerto-en-el-barrio-hermano-indio-por-varios-disparos","status":"publish","type":"post","link":"https:\/\/eldiariodesanpedro.com.ar\/sitio\/un-muerto-en-el-barrio-hermano-indio-por-varios-disparos\/","title":{"rendered":"Un muerto en el Barrio Hermano Indio por varios disparos"},"content":{"rendered":"<!-- VideographyWP Plugin Message: Automatic video embedding prevented by plugin options. -->\n\n<p>Esta noche pasadas las 19 hs se hicieron presentes varios m\u00f3viles policiales en calle Cruz Roja y General Pueyrredon donde hubo una confrontaci\u00f3n vecinal donde una reconocido delincuente cayo abatido de varios disparos de arma de fuego por parte de otro delincuente.<\/p>\n\n\n\n<p>El joven fallecido fue identificado como Milciades Lencina de 29 a\u00f1os que recibi\u00f3 tres disparos por una pistola 9 mm uno en la cabeza y los restantes en el torax,  por parte de otro masculino identificado como Lucas Fernandez quien circulaba en motocicleta.<\/p>\n\n\n\n<p>Rapiadamente actuaron los efectivos para dar con el paradero del agresor, que fue detenido a pocas cuadras del lugar del asesinato en el barrio Malvinas.<\/p>\n\n\n\n<p>En el hospital y la comisaria local se preparo un operativo especial por la seguridad de los lugares, teniendo en cuenta que se podr\u00edan realizar represar\u00edas contra el detenido.<\/p>\n\n\n\n<figure class=\"wp-block-image size-large\"><img decoding=\"async\" width=\"1024\" height=\"498\" data-attachment-id=\"74971\" data-permalink=\"https:\/\/eldiariodesanpedro.com.ar\/sitio\/20200603_202638\/\" data-orig-file=\"https:\/\/eldiariodesanpedro.com.ar\/sitio\/wp-content\/uploads\/2020\/06\/20200603_202638-scaled.jpg\" data-orig-size=\"2560,1244\" data-comments-opened=\"1\" data-image-meta=\"{&quot;aperture&quot;:&quot;1.7&quot;,&quot;credit&quot;:&quot;&quot;,&quot;camera&quot;:&quot;SM-N950F&quot;,&quot;caption&quot;:&quot;&quot;,&quot;created_timestamp&quot;:&quot;1591215998&quot;,&quot;copyright&quot;:&quot;&quot;,&quot;focal_length&quot;:&quot;4.3&quot;,&quot;iso&quot;:&quot;640&quot;,&quot;shutter_speed&quot;:&quot;0.03030303030303&quot;,&quot;title&quot;:&quot;&quot;,&quot;orientation&quot;:&quot;1&quot;}\" data-image-title=\"20200603_202638\" data-image-description=\"\" data-image-caption=\"\" data-large-file=\"https:\/\/eldiariodesanpedro.com.ar\/sitio\/wp-content\/uploads\/2020\/06\/20200603_202638-1024x498.jpg\" data-src=\"https:\/\/eldiariodesanpedro.com.ar\/sitio\/wp-content\/uploads\/2020\/06\/20200603_202638-1024x498.jpg\" alt=\"\" class=\"wp-image-74971 lazyload\" data-srcset=\"https:\/\/eldiariodesanpedro.com.ar\/sitio\/wp-content\/uploads\/2020\/06\/20200603_202638-1024x498.jpg 1024w, https:\/\/eldiariodesanpedro.com.ar\/sitio\/wp-content\/uploads\/2020\/06\/20200603_202638-300x146.jpg 300w, https:\/\/eldiariodesanpedro.com.ar\/sitio\/wp-content\/uploads\/2020\/06\/20200603_202638-768x373.jpg 768w, https:\/\/eldiariodesanpedro.com.ar\/sitio\/wp-content\/uploads\/2020\/06\/20200603_202638-1536x747.jpg 1536w, https:\/\/eldiariodesanpedro.com.ar\/sitio\/wp-content\/uploads\/2020\/06\/20200603_202638-2048x996.jpg 2048w\" data-sizes=\"(max-width: 1024px) 100vw, 1024px\" src=\"data:image\/svg+xml;base64,PHN2ZyB3aWR0aD0iMSIgaGVpZ2h0PSIxIiB4bWxucz0iaHR0cDovL3d3dy53My5vcmcvMjAwMC9zdmciPjwvc3ZnPg==\" style=\"--smush-placeholder-width: 1024px; --smush-placeholder-aspect-ratio: 1024\/498;\" \/><\/figure>\n\n\n\n<p>Lucas Fernandez es un ex convicto que tuvo prisi\u00f3n domiciliaria durante dos a\u00f1os y hacia seis meses que hab\u00eda quedado el libertad tras cumplir la condena efectiva de 8 a\u00f1os de prisi\u00f3n tras asesinar a su primo Fabian \u00abChivo Negro\u00bb Pereyra en el a\u00f1o 2009, cuando de igual manera circulaba por la calle y este le asesta tres disparos, uno en la cabeza y dos en el torax. Tras el deseso de Pereyra se logro la detencion de Fernandez y otro complice fueron acusados junto con \u00e9l  Leandro Sabino.<\/p>\n\n\n\n<div class=\"wp-block-image\"><figure class=\"aligncenter size-large\"><img decoding=\"async\" width=\"328\" height=\"373\" data-attachment-id=\"74975\" data-permalink=\"https:\/\/eldiariodesanpedro.com.ar\/sitio\/un-muerto-en-el-barrio-hermano-indio-por-varios-disparos\/22195252_276165532902239_5890119840711417152_n-770x382-1\/\" data-orig-file=\"https:\/\/eldiariodesanpedro.com.ar\/sitio\/wp-content\/uploads\/2020\/06\/22195252_276165532902239_5890119840711417152_n-770x382-1.jpg\" data-orig-size=\"328,373\" data-comments-opened=\"1\" data-image-meta=\"{&quot;aperture&quot;:&quot;0&quot;,&quot;credit&quot;:&quot;&quot;,&quot;camera&quot;:&quot;&quot;,&quot;caption&quot;:&quot;&quot;,&quot;created_timestamp&quot;:&quot;1591218441&quot;,&quot;copyright&quot;:&quot;&quot;,&quot;focal_length&quot;:&quot;0&quot;,&quot;iso&quot;:&quot;0&quot;,&quot;shutter_speed&quot;:&quot;0&quot;,&quot;title&quot;:&quot;&quot;,&quot;orientation&quot;:&quot;1&quot;}\" data-image-title=\"22195252_276165532902239_5890119840711417152_n-770&amp;#215;382-1\" data-image-description=\"\" data-image-caption=\"\" data-large-file=\"https:\/\/eldiariodesanpedro.com.ar\/sitio\/wp-content\/uploads\/2020\/06\/22195252_276165532902239_5890119840711417152_n-770x382-1.jpg\" data-src=\"https:\/\/eldiariodesanpedro.com.ar\/sitio\/wp-content\/uploads\/2020\/06\/22195252_276165532902239_5890119840711417152_n-770x382-1.jpg\" alt=\"\" class=\"wp-image-74975 lazyload\" data-srcset=\"https:\/\/eldiariodesanpedro.com.ar\/sitio\/wp-content\/uploads\/2020\/06\/22195252_276165532902239_5890119840711417152_n-770x382-1.jpg 328w, https:\/\/eldiariodesanpedro.com.ar\/sitio\/wp-content\/uploads\/2020\/06\/22195252_276165532902239_5890119840711417152_n-770x382-1-264x300.jpg 264w\" data-sizes=\"(max-width: 328px) 100vw, 328px\" src=\"data:image\/svg+xml;base64,PHN2ZyB3aWR0aD0iMSIgaGVpZ2h0PSIxIiB4bWxucz0iaHR0cDovL3d3dy53My5vcmcvMjAwMC9zdmciPjwvc3ZnPg==\" style=\"--smush-placeholder-width: 328px; --smush-placeholder-aspect-ratio: 328\/373;\" \/><figcaption>Milciades Lensina<\/figcaption><\/figure><\/div>\n\n\n\n<p>Sebasti\u00e1n Milciades Lencina es conocido por ser el unico imputado y paso cuatro a\u00f1os preso en la unidad penal N\u00ba 3 de San Nicolas por el aberrante crimen de <a href=\"https:\/\/eldiariodesanpedro.com.ar\/sitio\/seis-anos-despues-un-adn-positivo-podria-esclarecer-el-crimen-de-maria-florencia-cresta\/\">Florencia Cresta, quien fue asesinada tras ser violada en un descampado.<\/a><\/p>\n\n\n\n<p>Estuvo 4 a\u00f1os presos y durante ese proceso se le brindo la prisi\u00f3n domiciliaria, <a href=\"https:\/\/eldiariodesanpedro.com.ar\/sitio\/allanamiento-en-la-casa-de-milciades-el-gordo-lencina\/\">pero tras varios hechos ocurrido en los que se lo vio involucrado la justicia decidi\u00f3 enviarlo nuevamente a prisi\u00f3n<\/a>. Hasta el a\u00f1o 2018 cuando frente al tribunal fue absuelto por falta de pruebas.<\/p>\n\n\n\n<p>Al ser el \u00fanico imputado, hasta el d\u00eda de hoy este caso quedo impune.<\/p>\n","protected":false},"excerpt":{"rendered":"<p>Esta noche pasadas las 19 hs se hicieron presentes varios m\u00f3viles policiales en calle Cruz Roja y General Pueyrredon donde hubo una confrontaci\u00f3n vecinal donde una reconocido delincuente cayo abatido de varios disparos de arma de fuego por parte de otro delincuente. El joven fallecido fue identificado como Milciades Lencina de 29 a\u00f1os que recibi\u00f3 [&hellip;]<\/p>\n","protected":false},"author":4,"featured_media":74963,"comment_status":"open","ping_status":"closed","sticky":false,"template":"","format":"standard","meta":{"om_disable_all_campaigns":false,"_jetpack_memberships_contains_paid_content":false,"footnotes":""},"categories":[50,2,103],"tags":[197,95],"class_list":["post-74962","post","type-post","status-publish","format-standard","has-post-thumbnail","hentry","category-destacadas","category-locales","category-policiales-locales","tag-buenos-aires","tag-policiales"],"aioseo_notices":[],"gutentor_comment":0,"jetpack_featured_media_url":"https:\/\/eldiariodesanpedro.com.ar\/sitio\/wp-content\/uploads\/2020\/06\/20200603_193016-scaled-e1591225636169.jpg","jetpack_shortlink":"https:\/\/wp.me\/p6RhLt-jv4","jetpack_sharing_enabled":true,"_links":{"self":[{"href":"https:\/\/eldiariodesanpedro.com.ar\/sitio\/wp-json\/wp\/v2\/posts\/74962","targetHints":{"allow":["GET"]}}],"collection":[{"href":"https:\/\/eldiariodesanpedro.com.ar\/sitio\/wp-json\/wp\/v2\/posts"}],"about":[{"href":"https:\/\/eldiariodesanpedro.com.ar\/sitio\/wp-json\/wp\/v2\/types\/post"}],"author":[{"embeddable":true,"href":"https:\/\/eldiariodesanpedro.com.ar\/sitio\/wp-json\/wp\/v2\/users\/4"}],"replies":[{"embeddable":true,"href":"https:\/\/eldiariodesanpedro.com.ar\/sitio\/wp-json\/wp\/v2\/comments?post=74962"}],"version-history":[{"count":24,"href":"https:\/\/eldiariodesanpedro.com.ar\/sitio\/wp-json\/wp\/v2\/posts\/74962\/revisions"}],"predecessor-version":[{"id":74996,"href":"https:\/\/eldiariodesanpedro.com.ar\/sitio\/wp-json\/wp\/v2\/posts\/74962\/revisions\/74996"}],"wp:featuredmedia":[{"embeddable":true,"href":"https:\/\/eldiariodesanpedro.com.ar\/sitio\/wp-json\/wp\/v2\/media\/74963"}],"wp:attachment":[{"href":"https:\/\/eldiariodesanpedro.com.ar\/sitio\/wp-json\/wp\/v2\/media?parent=74962"}],"wp:term":[{"taxonomy":"category","embeddable":true,"href":"https:\/\/eldiariodesanpedro.com.ar\/sitio\/wp-json\/wp\/v2\/categories?post=74962"},{"taxonomy":"post_tag","embeddable":true,"href":"https:\/\/eldiariodesanpedro.com.ar\/sitio\/wp-json\/wp\/v2\/tags?post=74962"}],"curies":[{"name":"wp","href":"https:\/\/api.w.org\/{rel}","templated":true}]}}