{"id":7496,"date":"2016-08-25T19:25:14","date_gmt":"2016-08-25T22:25:14","guid":{"rendered":"https:\/\/eldiariodesanpedro.com.ar\/sitio\/?p=7496"},"modified":"2016-08-25T19:25:14","modified_gmt":"2016-08-25T22:25:14","slug":"jubilados-y-pensionados-como-elegir-un-nuevo-banco-para-cobrar-los-haberes-2","status":"publish","type":"post","link":"https:\/\/eldiariodesanpedro.com.ar\/sitio\/jubilados-y-pensionados-como-elegir-un-nuevo-banco-para-cobrar-los-haberes-2\/","title":{"rendered":"Jubilados y pensionados: c\u00f3mo elegir un nuevo banco para cobrar los haberes"},"content":{"rendered":"<p><!-- VideographyWP Plugin Message: Automatic video embedding prevented by plugin options. --><br \/>\nLa ANSES recuerda que cualquier jubilado o pensionado puede optar por cobrar su haber en cualquiera de las entidades bancarias habilitadas, as\u00ed como en alguno de los centros de pago exclusivos. Pero si quisiera solicitar el cambio de banco, solo podr\u00e1 hacerlo luego de haber cobrado por primera vez en la entidad asignada por el organismo previsional.<br \/>\nPara ello, el titular deber\u00e1 obtener un turno a trav\u00e9s del n\u00famero gratuito 130, de lunes a viernes de 8 a 20 horas, o bien, desde el sitio web www.anses.gob.ar.<br \/>\nLa modificaci\u00f3n se har\u00e1 efectiva, aproximadamente, a los 60 d\u00edas desde la comprobaci\u00f3n de titularidad. Mientras tanto, continuar\u00e1 cobrando en su banco habitual.<br \/>\nAsimismo, la ANSES recuerda que hoy, 26 de agosto, cobran los jubilados y pensionados cuyos haberes superan los $5634 y sus documentos terminan en 6 y 7 y los titulares de la Prestaci\u00f3n por Desempleo \u2013PLAN 1\u2013 cuyos documentos terminan en 2 y 3. Los calendarios de pagos de todas las prestaciones pueden consultarse en www.anses.gob.ar.<\/p>\n","protected":false},"excerpt":{"rendered":"<p>La ANSES recuerda que cualquier jubilado o pensionado puede optar por cobrar su haber en cualquiera de las entidades bancarias habilitadas, as\u00ed como en alguno de los centros de pago exclusivos. Pero si quisiera solicitar el cambio de banco, solo podr\u00e1 hacerlo luego de haber cobrado por primera vez en la entidad asignada por el [&hellip;]<\/p>\n","protected":false},"author":4,"featured_media":3392,"comment_status":"open","ping_status":"closed","sticky":false,"template":"","format":"standard","meta":{"om_disable_all_campaigns":false,"_jetpack_memberships_contains_paid_content":false,"footnotes":""},"categories":[101,2],"tags":[],"class_list":["post-7496","post","type-post","status-publish","format-standard","has-post-thumbnail","hentry","category-interes-general-locales","category-locales"],"aioseo_notices":[],"gutentor_comment":0,"jetpack_featured_media_url":"https:\/\/eldiariodesanpedro.com.ar\/sitio\/wp-content\/uploads\/2016\/04\/MAT7-ANSES2.jpg","jetpack_shortlink":"https:\/\/wp.me\/p6RhLt-1WU","jetpack_sharing_enabled":true,"_links":{"self":[{"href":"https:\/\/eldiariodesanpedro.com.ar\/sitio\/wp-json\/wp\/v2\/posts\/7496","targetHints":{"allow":["GET"]}}],"collection":[{"href":"https:\/\/eldiariodesanpedro.com.ar\/sitio\/wp-json\/wp\/v2\/posts"}],"about":[{"href":"https:\/\/eldiariodesanpedro.com.ar\/sitio\/wp-json\/wp\/v2\/types\/post"}],"author":[{"embeddable":true,"href":"https:\/\/eldiariodesanpedro.com.ar\/sitio\/wp-json\/wp\/v2\/users\/4"}],"replies":[{"embeddable":true,"href":"https:\/\/eldiariodesanpedro.com.ar\/sitio\/wp-json\/wp\/v2\/comments?post=7496"}],"version-history":[{"count":1,"href":"https:\/\/eldiariodesanpedro.com.ar\/sitio\/wp-json\/wp\/v2\/posts\/7496\/revisions"}],"predecessor-version":[{"id":7497,"href":"https:\/\/eldiariodesanpedro.com.ar\/sitio\/wp-json\/wp\/v2\/posts\/7496\/revisions\/7497"}],"wp:featuredmedia":[{"embeddable":true,"href":"https:\/\/eldiariodesanpedro.com.ar\/sitio\/wp-json\/wp\/v2\/media\/3392"}],"wp:attachment":[{"href":"https:\/\/eldiariodesanpedro.com.ar\/sitio\/wp-json\/wp\/v2\/media?parent=7496"}],"wp:term":[{"taxonomy":"category","embeddable":true,"href":"https:\/\/eldiariodesanpedro.com.ar\/sitio\/wp-json\/wp\/v2\/categories?post=7496"},{"taxonomy":"post_tag","embeddable":true,"href":"https:\/\/eldiariodesanpedro.com.ar\/sitio\/wp-json\/wp\/v2\/tags?post=7496"}],"curies":[{"name":"wp","href":"https:\/\/api.w.org\/{rel}","templated":true}]}}