{"id":74958,"date":"2020-06-03T19:18:17","date_gmt":"2020-06-03T22:18:17","guid":{"rendered":"https:\/\/eldiariodesanpedro.com.ar\/sitio\/?p=74958"},"modified":"2020-06-03T19:18:19","modified_gmt":"2020-06-03T22:18:19","slug":"el-consejo-escolar-informa-solicitud-de-cotizacion-para-instalacion-de-alarmas","status":"publish","type":"post","link":"https:\/\/eldiariodesanpedro.com.ar\/sitio\/el-consejo-escolar-informa-solicitud-de-cotizacion-para-instalacion-de-alarmas\/","title":{"rendered":"El Consejo Escolar informa, solicitud de cotizaci\u00f3n para instalaci\u00f3n de alarmas"},"content":{"rendered":"<!-- VideographyWP Plugin Message: Automatic video embedding prevented by plugin options. -->\n\n<p>Consejo Escolar informa que se encuentra a disposici\u00f3n la solicitud de cotizaci\u00f3n para la provisi\u00f3n e instalaci\u00f3n de alarma en ES N\u00ba 11.&nbsp;<\/p>\n\n\n\n<p>Apertura de ofertas&nbsp;el&nbsp;11&nbsp;de junio de 2020 a las 10,00 hs. Las consultas se har\u00e1n en la Sede del Consejo Escolar (Ayacucho e Ituzaing\u00f3) de 8 a 12 hs.<\/p>\n","protected":false},"excerpt":{"rendered":"<p>Consejo Escolar informa que se encuentra a disposici\u00f3n la solicitud de cotizaci\u00f3n para la provisi\u00f3n e instalaci\u00f3n de alarma en ES N\u00ba 11.&nbsp; Apertura de ofertas&nbsp;el&nbsp;11&nbsp;de junio de 2020 a las 10,00 hs. Las consultas se har\u00e1n en la Sede del Consejo Escolar (Ayacucho e Ituzaing\u00f3) de 8 a 12 hs.<\/p>\n","protected":false},"author":4,"featured_media":74960,"comment_status":"open","ping_status":"closed","sticky":false,"template":"","format":"standard","meta":{"om_disable_all_campaigns":false,"_jetpack_memberships_contains_paid_content":false,"footnotes":""},"categories":[815,676],"tags":[197,1373],"class_list":["post-74958","post","type-post","status-publish","format-standard","has-post-thumbnail","hentry","category-consejo-escolar","category-edictos","tag-buenos-aires","tag-consejo-escolar"],"aioseo_notices":[],"gutentor_comment":0,"jetpack_featured_media_url":"https:\/\/eldiariodesanpedro.com.ar\/sitio\/wp-content\/uploads\/2020\/06\/Concejo-escolar-03-06-2020.png","jetpack_shortlink":"https:\/\/wp.me\/p6RhLt-jv0","jetpack_sharing_enabled":true,"_links":{"self":[{"href":"https:\/\/eldiariodesanpedro.com.ar\/sitio\/wp-json\/wp\/v2\/posts\/74958","targetHints":{"allow":["GET"]}}],"collection":[{"href":"https:\/\/eldiariodesanpedro.com.ar\/sitio\/wp-json\/wp\/v2\/posts"}],"about":[{"href":"https:\/\/eldiariodesanpedro.com.ar\/sitio\/wp-json\/wp\/v2\/types\/post"}],"author":[{"embeddable":true,"href":"https:\/\/eldiariodesanpedro.com.ar\/sitio\/wp-json\/wp\/v2\/users\/4"}],"replies":[{"embeddable":true,"href":"https:\/\/eldiariodesanpedro.com.ar\/sitio\/wp-json\/wp\/v2\/comments?post=74958"}],"version-history":[{"count":2,"href":"https:\/\/eldiariodesanpedro.com.ar\/sitio\/wp-json\/wp\/v2\/posts\/74958\/revisions"}],"predecessor-version":[{"id":74961,"href":"https:\/\/eldiariodesanpedro.com.ar\/sitio\/wp-json\/wp\/v2\/posts\/74958\/revisions\/74961"}],"wp:featuredmedia":[{"embeddable":true,"href":"https:\/\/eldiariodesanpedro.com.ar\/sitio\/wp-json\/wp\/v2\/media\/74960"}],"wp:attachment":[{"href":"https:\/\/eldiariodesanpedro.com.ar\/sitio\/wp-json\/wp\/v2\/media?parent=74958"}],"wp:term":[{"taxonomy":"category","embeddable":true,"href":"https:\/\/eldiariodesanpedro.com.ar\/sitio\/wp-json\/wp\/v2\/categories?post=74958"},{"taxonomy":"post_tag","embeddable":true,"href":"https:\/\/eldiariodesanpedro.com.ar\/sitio\/wp-json\/wp\/v2\/tags?post=74958"}],"curies":[{"name":"wp","href":"https:\/\/api.w.org\/{rel}","templated":true}]}}