{"id":74955,"date":"2020-06-03T18:55:28","date_gmt":"2020-06-03T21:55:28","guid":{"rendered":"https:\/\/eldiariodesanpedro.com.ar\/sitio\/?p=74955"},"modified":"2020-06-03T18:55:31","modified_gmt":"2020-06-03T21:55:31","slug":"zarate-hoy-se-registraron-cuatro-nuevos-casos-positivos-y-ya-son-36","status":"publish","type":"post","link":"https:\/\/eldiariodesanpedro.com.ar\/sitio\/zarate-hoy-se-registraron-cuatro-nuevos-casos-positivos-y-ya-son-36\/","title":{"rendered":"Z\u00c1RATE | Hoy se registraron cuatro nuevos casos positivos y ya son 36"},"content":{"rendered":"<!-- VideographyWP Plugin Message: Automatic video embedding prevented by plugin options. -->\n\n<p>El Municipio de Z\u00e1rate a trav\u00e9s de la Secretar\u00eda de Salud informa en base a las estad\u00edsticas del Sistema Nacional de Vigilancia Sanitario (SNVS) del Sistema Integrado de Informaci\u00f3n Sanitaria Argentino (SISA):<\/p>\n\n\n\n<p><strong>Se han registrado en el d\u00eda martes 12 casos positivos de COVID-19:<\/strong><br>\u2022 Masculino de 57 a\u00f1os.<br>\u2022 Masculino de 26 a\u00f1os.<br>\u2022 Femenina de 40 a\u00f1os.<br>\u2022 Femenina de 47 a\u00f1os.<\/p>\n\n\n\n<p><strong>Se han informado 21 nuevos casos sospechosos de COVID-19<\/strong><br>\u2022 Hospital Intermedio Municipal Dr. Ren\u00e9 Favaloro: 2 caso.<br>\u2022 Cl\u00ednica Delta: 1 caso.<br>\u2022 Cl\u00ednica del Carmen: 3 casos.<br>\u2022 Hospital Zonal Virgen del Carmen: 13 casos.<br>\u2022 Cl\u00ednica Santa Clara: 1 caso.<br>\u2022 Centro Medico del Diagnostico: 1 caso<br>\u2022 Hospital Sangalli: 1 caso.<br>Se han descartado 8 casos.<br>Pendientes de resultado: 62 casos.<br>Total de casos descartados: 271<\/p>\n\n\n\n<p><strong>Al momento se han registrado 36 casos positivos de Coronavirus COVID-19 desde el\u00a0inicio de la Pandemia declarada por la Organizaci\u00f3n Mundial de la Salud.<\/strong><\/p>\n\n\n\n<p><strong>Se informa adem\u00e1s que de los 36 positivos, 5 pacientes han recibido la condici\u00f3n de\u00a0alta y uno ha fallecido<\/strong><\/p>\n","protected":false},"excerpt":{"rendered":"<p>El Municipio de Z\u00e1rate a trav\u00e9s de la Secretar\u00eda de Salud informa en base a las estad\u00edsticas del Sistema Nacional de Vigilancia Sanitario (SNVS) del Sistema Integrado de Informaci\u00f3n Sanitaria Argentino (SISA): Se han registrado en el d\u00eda martes 12 casos positivos de COVID-19:\u2022 Masculino de 57 a\u00f1os.\u2022 Masculino de 26 a\u00f1os.\u2022 Femenina de 40 [&hellip;]<\/p>\n","protected":false},"author":4,"featured_media":74678,"comment_status":"open","ping_status":"closed","sticky":false,"template":"","format":"standard","meta":{"om_disable_all_campaigns":false,"_jetpack_memberships_contains_paid_content":false,"footnotes":""},"categories":[621],"tags":[808,681],"class_list":["post-74955","post","type-post","status-publish","format-standard","has-post-thumbnail","hentry","category-regionales","tag-coronavirus","tag-regionales"],"aioseo_notices":[],"gutentor_comment":0,"jetpack_featured_media_url":"https:\/\/eldiariodesanpedro.com.ar\/sitio\/wp-content\/uploads\/2020\/05\/Coronavirus-test-muestra-745x510-1.jpg","jetpack_shortlink":"https:\/\/wp.me\/p6RhLt-juX","jetpack_sharing_enabled":true,"_links":{"self":[{"href":"https:\/\/eldiariodesanpedro.com.ar\/sitio\/wp-json\/wp\/v2\/posts\/74955","targetHints":{"allow":["GET"]}}],"collection":[{"href":"https:\/\/eldiariodesanpedro.com.ar\/sitio\/wp-json\/wp\/v2\/posts"}],"about":[{"href":"https:\/\/eldiariodesanpedro.com.ar\/sitio\/wp-json\/wp\/v2\/types\/post"}],"author":[{"embeddable":true,"href":"https:\/\/eldiariodesanpedro.com.ar\/sitio\/wp-json\/wp\/v2\/users\/4"}],"replies":[{"embeddable":true,"href":"https:\/\/eldiariodesanpedro.com.ar\/sitio\/wp-json\/wp\/v2\/comments?post=74955"}],"version-history":[{"count":1,"href":"https:\/\/eldiariodesanpedro.com.ar\/sitio\/wp-json\/wp\/v2\/posts\/74955\/revisions"}],"predecessor-version":[{"id":74956,"href":"https:\/\/eldiariodesanpedro.com.ar\/sitio\/wp-json\/wp\/v2\/posts\/74955\/revisions\/74956"}],"wp:featuredmedia":[{"embeddable":true,"href":"https:\/\/eldiariodesanpedro.com.ar\/sitio\/wp-json\/wp\/v2\/media\/74678"}],"wp:attachment":[{"href":"https:\/\/eldiariodesanpedro.com.ar\/sitio\/wp-json\/wp\/v2\/media?parent=74955"}],"wp:term":[{"taxonomy":"category","embeddable":true,"href":"https:\/\/eldiariodesanpedro.com.ar\/sitio\/wp-json\/wp\/v2\/categories?post=74955"},{"taxonomy":"post_tag","embeddable":true,"href":"https:\/\/eldiariodesanpedro.com.ar\/sitio\/wp-json\/wp\/v2\/tags?post=74955"}],"curies":[{"name":"wp","href":"https:\/\/api.w.org\/{rel}","templated":true}]}}