{"id":74952,"date":"2020-06-03T18:18:56","date_gmt":"2020-06-03T21:18:56","guid":{"rendered":"https:\/\/eldiariodesanpedro.com.ar\/sitio\/?p=74952"},"modified":"2020-06-03T18:18:58","modified_gmt":"2020-06-03T21:18:58","slug":"campana-el-presidente-inauguro-en-campana-la-primera-refinadora-de-diesel-premium-del-pais","status":"publish","type":"post","link":"https:\/\/eldiariodesanpedro.com.ar\/sitio\/campana-el-presidente-inauguro-en-campana-la-primera-refinadora-de-diesel-premium-del-pais\/","title":{"rendered":"CAMPANA |  El Presidente inaugur\u00f3 en Campana la primera refinadora de diesel premium del pa\u00eds"},"content":{"rendered":"<!-- VideographyWP Plugin Message: Automatic video embedding prevented by plugin options. -->\n\n<p>En la Planta de Axion Energy, recorri\u00f3 la obra finalizada que permitir\u00e1 dejar de importar ese combustible, tras una inversi\u00f3n total de 1.500 millones de d\u00f3lares. Autoridades de la empresa acompa\u00f1aron al Primer Mandatario y al Gobernador bonaerense, Axel Kicillof.<\/p>\n\n\n\n<p>El presidente Alberto Fern\u00e1ndez encabez\u00f3 este mediod\u00eda en Campana la inauguraci\u00f3n de la planta hidrotratadora de di\u00e9sel (DHT) de la empresa Axion Energy, que ser\u00e1 la primera en producir ese combustible de calidad premium en el pa\u00eds, lo cual permitir\u00e1 dejar de importarlo desde el exterior y avanzar en el cuidado del medioambiente.<\/p>\n\n\n\n<p>Se trata de la inversi\u00f3n m\u00e1s grande de los \u00faltimos 30 a\u00f1os en el sector, que garantizar\u00e1 la producci\u00f3n de combustibles de mayor calidad y m\u00e1s limpios, la reducci\u00f3n en un 99 por ciento las emisiones de di\u00f3xido de azufre, y la comercializaci\u00f3n de nuevos subproductos para la industria nacional.<\/p>\n\n\n\n<p>Durante el acto, el Jefe de Estado subray\u00f3: \u201cPara m\u00ed es un d\u00eda feliz porque vamos a inaugurar una destiler\u00eda que va a hacer el eurodi\u00e9sel que la Argentina hoy importa, y esto es muy importante para dar funcionamiento a la econom\u00eda, para darle la energ\u00eda que necesita, son d\u00f3lares que dejan de irse de nuestro pa\u00eds\u201d.<\/p>\n\n\n\n<p>\u201cYo, que soy alguien que admira mucho la inteligencia argentina, quiero destacar que esto se hizo con industriales, con empresarios, con ingenieros, con trabajadores argentinos que asumieron el desaf\u00edo de hacer algo que no s\u00e9 si se hizo alguna vez. Y eso habla de lo que somos capaces de hacer los argentinos cuando nos decidimos a hacerlo\u201d, destac\u00f3.<\/p>\n\n\n\n<p>\u201cEs una obra enorme de gran valor para la Argentina, que va a reportarle a la econom\u00eda much\u00edsimos, buenos y mejores resultados\u201d, dijo y pidi\u00f3: \u201cQue sea un s\u00edmbolo de lo que somos capaces de hacer los argentinos a\u00fan pasando los peores momentos\u201d.<\/p>\n\n\n\n<p>El mandatario estuvo acompa\u00f1ado por el gobernador de Buenos Aires, Axel Kicillof; los ministros de Interior, Eduardo de Pedro; y Desarrollo Productivo, Mat\u00edas Kulfas; adem\u00e1s del intendente de Campana, Sebasti\u00e1n Abella.<\/p>\n\n\n\n<p>La obra requiri\u00f3 una inversi\u00f3n de 1.500 millones de d\u00f3lares y emple\u00f3 a m\u00e1s de 4 mil personas en el desarrollo y ejecuci\u00f3n de los trabajos, que implicaron la colocaci\u00f3n de 30 mil toneladas de estructura y m\u00e1s de 750 mil pulgadas de soldadura a lo largo de 200 kil\u00f3metros de ca\u00f1er\u00edas.<\/p>\n\n\n\n<p>La capacidad de producci\u00f3n de la planta de Axion Energy ser\u00e1 equivalente al total del di\u00e9sel premium que se comercializa en el pa\u00eds, lo que permitir\u00e1 suplir su importaci\u00f3n, adem\u00e1s de abastecer a la red de estaciones de servicios del pa\u00eds.<\/p>\n\n\n\n<p>A su llegada, el mandatario fue recibido por el presidente de Pan American Energy, Alejandro Bulgheroni, y el CEO de la compa\u00f1\u00eda, Marcos Bulgheroni, con quienes mantuvo una reuni\u00f3n de trabajo.<\/p>\n\n\n\n<p>A continuaci\u00f3n, el Presidente realiz\u00f3 una recorrida por la refiner\u00eda di\u00e9sel de la planta, para lo que debi\u00f3 someterse a estrictas medidas de seguridad que incluyeron la colocaci\u00f3n de un mameluco, casco, anteojos, tapones para o\u00eddos y botas.<\/p>\n\n\n\n<p>Durante el acto, el mandatario descubri\u00f3 una placa con motivo de la puesta en marcha de la unidad de hidrotratamiento del di\u00e9sel DHT, y encabez\u00f3 la apertura simb\u00f3lica de la canilla que realiz\u00f3 el llenado de las primeras botellas con la producci\u00f3n nacional de ese combustible.<\/p>\n\n\n\n<p>La obra permitir\u00e1 incrementar en un 60 por ciento la capacidad de producci\u00f3n de gasoil de la refiner\u00eda, y en un 50 por ciento la de naftas. Esto mejorar\u00e1 la calidad de esos productos, seg\u00fan los est\u00e1ndares internacionales de calidad.<\/p>\n\n\n\n<p>La nueva planta elaborar\u00e1 combustibles con menos de 10 partes por mill\u00f3n de azufre, que es el nivel m\u00ednimo posible, y que permite la disminuci\u00f3n de emisiones contaminantes en veh\u00edculos.<\/p>\n\n\n\n<p>Axion Energy pertenece a Pan American Energy, la principal empresa productora de hidrocarburos del pa\u00eds, que comercializa combustibles y lubricantes en Argentina, Uruguay y M\u00e9xico.<\/p>\n\n\n\n<p>Fuente: <a href=\"https:\/\/www.campananoticias.com\/noticia\/61256\/el-presidente-inaugur-en-campana-la-primera-refinadora-de-diesel-premium-del-pas-\">Campana Noticias<\/a><\/p>\n","protected":false},"excerpt":{"rendered":"<p>En la Planta de Axion Energy, recorri\u00f3 la obra finalizada que permitir\u00e1 dejar de importar ese combustible, tras una inversi\u00f3n total de 1.500 millones de d\u00f3lares. Autoridades de la empresa acompa\u00f1aron al Primer Mandatario y al Gobernador bonaerense, Axel Kicillof. El presidente Alberto Fern\u00e1ndez encabez\u00f3 este mediod\u00eda en Campana la inauguraci\u00f3n de la planta hidrotratadora [&hellip;]<\/p>\n","protected":false},"author":4,"featured_media":74953,"comment_status":"open","ping_status":"closed","sticky":false,"template":"","format":"standard","meta":{"om_disable_all_campaigns":false,"_jetpack_memberships_contains_paid_content":false,"footnotes":""},"categories":[621],"tags":[1371,197,686,1372,681],"class_list":["post-74952","post","type-post","status-publish","format-standard","has-post-thumbnail","hentry","category-regionales","tag-axion","tag-buenos-aires","tag-campana-2","tag-refineria","tag-regionales"],"aioseo_notices":[],"gutentor_comment":0,"jetpack_featured_media_url":"https:\/\/eldiariodesanpedro.com.ar\/sitio\/wp-content\/uploads\/2020\/06\/20200603031252.jpeg","jetpack_shortlink":"https:\/\/wp.me\/p6RhLt-juU","jetpack_sharing_enabled":true,"_links":{"self":[{"href":"https:\/\/eldiariodesanpedro.com.ar\/sitio\/wp-json\/wp\/v2\/posts\/74952","targetHints":{"allow":["GET"]}}],"collection":[{"href":"https:\/\/eldiariodesanpedro.com.ar\/sitio\/wp-json\/wp\/v2\/posts"}],"about":[{"href":"https:\/\/eldiariodesanpedro.com.ar\/sitio\/wp-json\/wp\/v2\/types\/post"}],"author":[{"embeddable":true,"href":"https:\/\/eldiariodesanpedro.com.ar\/sitio\/wp-json\/wp\/v2\/users\/4"}],"replies":[{"embeddable":true,"href":"https:\/\/eldiariodesanpedro.com.ar\/sitio\/wp-json\/wp\/v2\/comments?post=74952"}],"version-history":[{"count":1,"href":"https:\/\/eldiariodesanpedro.com.ar\/sitio\/wp-json\/wp\/v2\/posts\/74952\/revisions"}],"predecessor-version":[{"id":74954,"href":"https:\/\/eldiariodesanpedro.com.ar\/sitio\/wp-json\/wp\/v2\/posts\/74952\/revisions\/74954"}],"wp:featuredmedia":[{"embeddable":true,"href":"https:\/\/eldiariodesanpedro.com.ar\/sitio\/wp-json\/wp\/v2\/media\/74953"}],"wp:attachment":[{"href":"https:\/\/eldiariodesanpedro.com.ar\/sitio\/wp-json\/wp\/v2\/media?parent=74952"}],"wp:term":[{"taxonomy":"category","embeddable":true,"href":"https:\/\/eldiariodesanpedro.com.ar\/sitio\/wp-json\/wp\/v2\/categories?post=74952"},{"taxonomy":"post_tag","embeddable":true,"href":"https:\/\/eldiariodesanpedro.com.ar\/sitio\/wp-json\/wp\/v2\/tags?post=74952"}],"curies":[{"name":"wp","href":"https:\/\/api.w.org\/{rel}","templated":true}]}}