{"id":74949,"date":"2020-06-03T17:15:20","date_gmt":"2020-06-03T20:15:20","guid":{"rendered":"https:\/\/eldiariodesanpedro.com.ar\/sitio\/?p=74949"},"modified":"2020-06-03T17:15:23","modified_gmt":"2020-06-03T20:15:23","slug":"jubilados-cronograma-de-cobro-del-mes-de-junio","status":"publish","type":"post","link":"https:\/\/eldiariodesanpedro.com.ar\/sitio\/jubilados-cronograma-de-cobro-del-mes-de-junio\/","title":{"rendered":"Jubilados: cronograma de cobro del mes de Junio"},"content":{"rendered":"<!-- VideographyWP Plugin Message: Automatic video embedding prevented by plugin options. -->\n\n<p>La Administraci\u00f3n Nacional de la Seguridad Social ( Anses ) dio a conocer el cronograma de cobro para jubilados y pensionados para el mes de junio junto al medio aguinaldo . Estos haberes ya se percibir\u00e1n con el aumento del 6,12% dispuesto por el Gobierno de la Naci\u00f3n, tras anular la ley de movilidad jubilatoria de 2017 con la cual los aumentos hubiesen sido cercanos al 10%.<\/p>\n\n\n\n<p>El organismo previsional inform\u00f3 que las sucursales bancarias habilitadas atender\u00e1n \u00fanicamente por ventanilla a los titulares solo en las fechas asignadas y sus haberes permanecer\u00e1n en sus cuentas.<\/p>\n\n\n\n<p>Jubilados y pensionados:<\/p>\n\n\n\n<p>Hoy, mi\u00e9rcoles 3 de junio , cobran las pensiones no contributivas los beneficiarios cuyos DNI est\u00e1n terminados en 4 y 5 .<\/p>\n\n\n\n<p>Vale destacar que el tr\u00e1mite de Supervivencia \/ Fe de Vida para los jubilados y pensionados se encuentra suspendido hasta el 30 de junio. As\u00ed no es necesario que los adultos mayores concurran a los bancos para llevar cabo esta gesti\u00f3n.<\/p>\n\n\n\n<p>Con el aumento del 6,12%:<br>El haber m\u00ednimo pasar\u00e1 de $15.891,49 a $16.864,04.<br>El haber m\u00e1ximo aumentar\u00e1 de $106.934,71 a $113.479.<br>Calendario de cobro de jubilados y pensionados con haberes menores a $18.952<\/p>\n\n\n\n<p>DNI terminados en 0: lunes 8 de junio.<br>DNI terminados en 1: martes 9 de junio.<br>DNI terminados en 2: mi\u00e9rcoles 10 de junio.<br>DNI terminados en 3: jueves 11 de junio.<br>DNI terminados en 4: viernes 12 de junio.<br>DNI terminados en 5: lunes 16 de junio.<br>DNI terminados en 6: martes 17 de junio.<br>DNI terminados en 7: mi\u00e9rcoles 18 de junio.<br>DNI terminados en 8: jueves 19 de junio.<br>DNI terminados en 9: lunes 22 de junio.<\/p>\n","protected":false},"excerpt":{"rendered":"<p>La Administraci\u00f3n Nacional de la Seguridad Social ( Anses ) dio a conocer el cronograma de cobro para jubilados y pensionados para el mes de junio junto al medio aguinaldo . Estos haberes ya se percibir\u00e1n con el aumento del 6,12% dispuesto por el Gobierno de la Naci\u00f3n, tras anular la ley de movilidad jubilatoria [&hellip;]<\/p>\n","protected":false},"author":4,"featured_media":74950,"comment_status":"open","ping_status":"closed","sticky":false,"template":"","format":"standard","meta":{"om_disable_all_campaigns":false,"_jetpack_memberships_contains_paid_content":false,"footnotes":""},"categories":[101,2],"tags":[197,1313,1103,1370,33,19],"class_list":["post-74949","post","type-post","status-publish","format-standard","has-post-thumbnail","hentry","category-interes-general-locales","category-locales","tag-buenos-aires","tag-cronograma","tag-jubilaciones","tag-junio","tag-locales","tag-san-pedro"],"aioseo_notices":[],"gutentor_comment":0,"jetpack_featured_media_url":"https:\/\/eldiariodesanpedro.com.ar\/sitio\/wp-content\/uploads\/2020\/06\/no_1y9yzijntfy4ryrno_wh0rdglop6u8ljono_3k5y8hlcgcar1cajubi.jpg","jetpack_shortlink":"https:\/\/wp.me\/p6RhLt-juR","jetpack_sharing_enabled":true,"_links":{"self":[{"href":"https:\/\/eldiariodesanpedro.com.ar\/sitio\/wp-json\/wp\/v2\/posts\/74949","targetHints":{"allow":["GET"]}}],"collection":[{"href":"https:\/\/eldiariodesanpedro.com.ar\/sitio\/wp-json\/wp\/v2\/posts"}],"about":[{"href":"https:\/\/eldiariodesanpedro.com.ar\/sitio\/wp-json\/wp\/v2\/types\/post"}],"author":[{"embeddable":true,"href":"https:\/\/eldiariodesanpedro.com.ar\/sitio\/wp-json\/wp\/v2\/users\/4"}],"replies":[{"embeddable":true,"href":"https:\/\/eldiariodesanpedro.com.ar\/sitio\/wp-json\/wp\/v2\/comments?post=74949"}],"version-history":[{"count":1,"href":"https:\/\/eldiariodesanpedro.com.ar\/sitio\/wp-json\/wp\/v2\/posts\/74949\/revisions"}],"predecessor-version":[{"id":74951,"href":"https:\/\/eldiariodesanpedro.com.ar\/sitio\/wp-json\/wp\/v2\/posts\/74949\/revisions\/74951"}],"wp:featuredmedia":[{"embeddable":true,"href":"https:\/\/eldiariodesanpedro.com.ar\/sitio\/wp-json\/wp\/v2\/media\/74950"}],"wp:attachment":[{"href":"https:\/\/eldiariodesanpedro.com.ar\/sitio\/wp-json\/wp\/v2\/media?parent=74949"}],"wp:term":[{"taxonomy":"category","embeddable":true,"href":"https:\/\/eldiariodesanpedro.com.ar\/sitio\/wp-json\/wp\/v2\/categories?post=74949"},{"taxonomy":"post_tag","embeddable":true,"href":"https:\/\/eldiariodesanpedro.com.ar\/sitio\/wp-json\/wp\/v2\/tags?post=74949"}],"curies":[{"name":"wp","href":"https:\/\/api.w.org\/{rel}","templated":true}]}}