{"id":74947,"date":"2020-06-03T17:11:32","date_gmt":"2020-06-03T20:11:32","guid":{"rendered":"https:\/\/eldiariodesanpedro.com.ar\/sitio\/?p=74947"},"modified":"2020-06-03T17:11:37","modified_gmt":"2020-06-03T20:11:37","slug":"dia-del-inmigrante-italiano-3-de-junio","status":"publish","type":"post","link":"https:\/\/eldiariodesanpedro.com.ar\/sitio\/dia-del-inmigrante-italiano-3-de-junio\/","title":{"rendered":"D\u00eda del Inmigrante Italiano &#8211; 3 de Junio"},"content":{"rendered":"<!-- VideographyWP Plugin Message: Automatic video embedding prevented by plugin options. -->\n\n<p>Por: Viv\u00edan Elena Collaretti<\/p>\n\n\n\n<p>Por la ley 24561, se estableci\u00f3 esta celebraci\u00f3n, en reconocimiento a aquellos que con su valor, trabajo y sacrificio, contribuyeron a la grandeza de nuestra Patria. Se eligi\u00f3 esta fecha, por ser el d\u00eda del nacimiento de Don Manuel Belgrano, uno de nuestros m\u00e1ximos pr\u00f3ceres, hijo del inmigrante genov\u00e9s Domingo Belgrano Peri y de la argentina Mar\u00eda Josefa Casero. La decisi\u00f3n de emigrar a nuestro pa\u00eds , fue movida por la necesidad de huir de las guerras y la pobreza extrema.<\/p>\n\n\n\n<p>La gran mayor\u00eda se radic\u00f3 definitivamente, sin romper los v\u00ednculos con sus familiares de Italia y sin perder la ilusi\u00f3n de volver a verlos ,alg\u00fan d\u00eda.No olvidaron su cultura ni sus costumbres, sino que las transmitieron a sus hijos para mantener vivas sus tradiciones. Sin propon\u00e9rselo, apoyaron el Proyecto Nacional, que naci\u00f3 con la organizaci\u00f3n pol\u00edtica del pa\u00eds. Fue la etapa de mayor progreso que se haya registrado en nuestra Patria. Los italianos, produjeron beneficiosos resultados y crearon obras trascendentes en los pueblos, que hoy son testimonios vivientes del esfuerzo y capacidad de trabajo que trajeron a estos lugares.Se puede decir con certeza, que en ning\u00fan pa\u00eds, la migraci\u00f3n italiana, marc\u00f3 tan profundamente a una naci\u00f3n, como es el caso de la Argentina.<\/p>\n\n\n\n<p>Jorge Luis Borges afirm\u00f3 :&nbsp; \u00bb El argentino es un italiano que habla espa\u00f1ol\u00bb.<\/p>\n\n\n\n<p>Esa ma\u00f1ana fr\u00eda de oto\u00f1o, el puerto de G\u00e9nova se hab\u00eda poblado de un bullicio inusitado. Adem\u00e1s de las gaviotas que volaban nerviosas, cientos de carros ,se agolpaban en el muelle, para acercar a los pasajeros y sus enseres. Grandes ba\u00fales y cajas de madera eran subidos al barco por rudos marineros. El altoparlante apuraba a los pasajeros , quienes se fund\u00edan en interminables abrazos con sus familiares.<\/p>\n\n\n\n<p>La escalerilla de la nave se humedec\u00eda con tantas l\u00e1grimas derramadas. Ya en cubierta, todos los viajeros se aferraban a los fr\u00edos barrotes , desafiando al viento helado que les pegaba en la cara. Se mov\u00edan ansiosos , tratando de identificar el lugar&nbsp; de su familia para un \u00faltimo adios. Canzanella los vio r\u00e1pidamente ,los caballos blancos de su padre resaltaban en la multitud. Hizo c\u00edrculos en el aire con el pa\u00f1uelo celeste que su madre le hab\u00eda bordado para proteger su garganta, y en ese ondear que se hizo eterno, su corta vida se arremolin\u00f3 en im\u00e1genes perfectamente ordenadas. Los juguetes&nbsp; fabricados por su abuelo, la mu\u00f1eca de trapo que ahora yac\u00eda sobre su cama,la escuela y todos sus amigos, los canastos de verduras reci\u00e9n cosechadas, las reuniones de todos los parientes para preparar la salsa de tomate, los tarros de leche reci\u00e9n orde\u00f1ada, el desayuno de la familia completa antes de la partida al campo o la quinta, la misa del domingo en la que se ve\u00eda con Nicola ,un mozo que la doblaba en edad, lleno de sue\u00f1os e ilusiones y con un esp\u00edritu aventurero que la enamorar\u00eda perdidamente.Los fuertes ruidos y las vibraciones del barco , la despertaron de sus pensamientos , el muelle se alejaba de su vista,los carros parec\u00edas peque\u00f1as figuras , solo las gaviotas los acompa\u00f1aban. Se aferr\u00f3 con fuerza al brazo de quien le hab\u00eda prometido un futuro pr\u00f3digo de hijos, trabajo y buen pasar ,all\u00e1 lejos , cruzando el Atl\u00e1ntico, en la Argentina.<\/p>\n\n\n\n<p>Homenaje imaginario de Rulo Collaretti a Canzanella Di Nucci , su mamma abruzzesa.<\/p>\n\n\n\n<p><\/p>\n","protected":false},"excerpt":{"rendered":"<p>Por: Viv\u00edan Elena Collaretti Por la ley 24561, se estableci\u00f3 esta celebraci\u00f3n, en reconocimiento a aquellos que con su valor, trabajo y sacrificio, contribuyeron a la grandeza de nuestra Patria. Se eligi\u00f3 esta fecha, por ser el d\u00eda del nacimiento de Don Manuel Belgrano, uno de nuestros m\u00e1ximos pr\u00f3ceres, hijo del inmigrante genov\u00e9s Domingo Belgrano [&hellip;]<\/p>\n","protected":false},"author":4,"featured_media":74945,"comment_status":"open","ping_status":"closed","sticky":false,"template":"","format":"standard","meta":{"om_disable_all_campaigns":false,"_jetpack_memberships_contains_paid_content":false,"footnotes":""},"categories":[101,2],"tags":[19,1369],"class_list":["post-74947","post","type-post","status-publish","format-standard","has-post-thumbnail","hentry","category-interes-general-locales","category-locales","tag-san-pedro","tag-sociedad-italiana"],"aioseo_notices":[],"gutentor_comment":0,"jetpack_featured_media_url":"https:\/\/eldiariodesanpedro.com.ar\/sitio\/wp-content\/uploads\/2020\/06\/Sin-t\u00edtulo-1-2.png","jetpack_shortlink":"https:\/\/wp.me\/p6RhLt-juP","jetpack_sharing_enabled":true,"_links":{"self":[{"href":"https:\/\/eldiariodesanpedro.com.ar\/sitio\/wp-json\/wp\/v2\/posts\/74947","targetHints":{"allow":["GET"]}}],"collection":[{"href":"https:\/\/eldiariodesanpedro.com.ar\/sitio\/wp-json\/wp\/v2\/posts"}],"about":[{"href":"https:\/\/eldiariodesanpedro.com.ar\/sitio\/wp-json\/wp\/v2\/types\/post"}],"author":[{"embeddable":true,"href":"https:\/\/eldiariodesanpedro.com.ar\/sitio\/wp-json\/wp\/v2\/users\/4"}],"replies":[{"embeddable":true,"href":"https:\/\/eldiariodesanpedro.com.ar\/sitio\/wp-json\/wp\/v2\/comments?post=74947"}],"version-history":[{"count":1,"href":"https:\/\/eldiariodesanpedro.com.ar\/sitio\/wp-json\/wp\/v2\/posts\/74947\/revisions"}],"predecessor-version":[{"id":74948,"href":"https:\/\/eldiariodesanpedro.com.ar\/sitio\/wp-json\/wp\/v2\/posts\/74947\/revisions\/74948"}],"wp:featuredmedia":[{"embeddable":true,"href":"https:\/\/eldiariodesanpedro.com.ar\/sitio\/wp-json\/wp\/v2\/media\/74945"}],"wp:attachment":[{"href":"https:\/\/eldiariodesanpedro.com.ar\/sitio\/wp-json\/wp\/v2\/media?parent=74947"}],"wp:term":[{"taxonomy":"category","embeddable":true,"href":"https:\/\/eldiariodesanpedro.com.ar\/sitio\/wp-json\/wp\/v2\/categories?post=74947"},{"taxonomy":"post_tag","embeddable":true,"href":"https:\/\/eldiariodesanpedro.com.ar\/sitio\/wp-json\/wp\/v2\/tags?post=74947"}],"curies":[{"name":"wp","href":"https:\/\/api.w.org\/{rel}","templated":true}]}}