{"id":7493,"date":"2016-08-25T19:23:52","date_gmt":"2016-08-25T22:23:52","guid":{"rendered":"https:\/\/eldiariodesanpedro.com.ar\/sitio\/?p=7493"},"modified":"2016-08-25T20:19:37","modified_gmt":"2016-08-25T23:19:37","slug":"28-familias-asistidas-por-el-centro-de-referencia-del-ministerio-de-desarrollo-social","status":"publish","type":"post","link":"https:\/\/eldiariodesanpedro.com.ar\/sitio\/28-familias-asistidas-por-el-centro-de-referencia-del-ministerio-de-desarrollo-social\/","title":{"rendered":"28 familias asistidas por el Centro de Referencia del Ministerio de Desarrollo Social"},"content":{"rendered":"<p><!-- VideographyWP Plugin Message: Automatic video embedding prevented by plugin options. --><br \/>\nEste pasado martes lleg\u00f3 la ayuda para 28 familias en estado de emergencia. El CDR local, a cargo de Jos\u00e9 Franchini y todo su equipo, dependiente del Ministerio de Desarrollo Social de la Naci\u00f3n, previo relevamiento barrio por barrio, y casa por casa, hicieron entrega de los siguientes elementos necesarios para estas familias:<br \/>\n105 colchones de 1 plaza<br \/>\n14 colchones 2 plazas<br \/>\n52 sabanas de 1 plaza<br \/>\n12 sabanas de 2 plaza<br \/>\n103 frazadas de 1 plaza<br \/>\n7 frazadas de 2 plazas<br \/>\n168 tirantes<br \/>\n179 chapas<br \/>\n18 clavaderas<br \/>\n9 puertas chapas<br \/>\n16 puertas placa<br \/>\n11 ventanas<br \/>\n122 sillas<br \/>\n17 mesas<br \/>\n31 cuchetas<br \/>\n22 cocinas<br \/>\n1 heladera<br \/>\n2 estufas el\u00e9ctricas<br \/>\n1 estufa a gas<br \/>\n23 roperos<br \/>\n13 camas de 1 plaza<br \/>\n14 inodoros completos<br \/>\n12 lavatorios con pie<br \/>\n6 grifer\u00edas ducha<br \/>\n12 grifer\u00edas lavatorio<br \/>\n9 cama 2 plazas<br \/>\n5 calef\u00f3n el\u00e9ctrico<\/p>\n","protected":false},"excerpt":{"rendered":"<p>Este pasado martes lleg\u00f3 la ayuda para 28 familias en estado de emergencia. El CDR local, a cargo de Jos\u00e9 Franchini y todo su equipo, dependiente del Ministerio de Desarrollo Social de la Naci\u00f3n, previo relevamiento barrio por barrio, y casa por casa, hicieron entrega de los siguientes elementos necesarios para estas familias: 105 colchones [&hellip;]<\/p>\n","protected":false},"author":4,"featured_media":7518,"comment_status":"open","ping_status":"closed","sticky":false,"template":"","format":"standard","meta":{"om_disable_all_campaigns":false,"_jetpack_memberships_contains_paid_content":false,"footnotes":""},"categories":[101,2],"tags":[],"class_list":["post-7493","post","type-post","status-publish","format-standard","has-post-thumbnail","hentry","category-interes-general-locales","category-locales"],"aioseo_notices":[],"gutentor_comment":0,"jetpack_featured_media_url":"https:\/\/eldiariodesanpedro.com.ar\/sitio\/wp-content\/uploads\/2016\/08\/PAGINA-6-01-2.jpg","jetpack_shortlink":"https:\/\/wp.me\/p6RhLt-1WR","jetpack_sharing_enabled":true,"_links":{"self":[{"href":"https:\/\/eldiariodesanpedro.com.ar\/sitio\/wp-json\/wp\/v2\/posts\/7493","targetHints":{"allow":["GET"]}}],"collection":[{"href":"https:\/\/eldiariodesanpedro.com.ar\/sitio\/wp-json\/wp\/v2\/posts"}],"about":[{"href":"https:\/\/eldiariodesanpedro.com.ar\/sitio\/wp-json\/wp\/v2\/types\/post"}],"author":[{"embeddable":true,"href":"https:\/\/eldiariodesanpedro.com.ar\/sitio\/wp-json\/wp\/v2\/users\/4"}],"replies":[{"embeddable":true,"href":"https:\/\/eldiariodesanpedro.com.ar\/sitio\/wp-json\/wp\/v2\/comments?post=7493"}],"version-history":[{"count":1,"href":"https:\/\/eldiariodesanpedro.com.ar\/sitio\/wp-json\/wp\/v2\/posts\/7493\/revisions"}],"predecessor-version":[{"id":7495,"href":"https:\/\/eldiariodesanpedro.com.ar\/sitio\/wp-json\/wp\/v2\/posts\/7493\/revisions\/7495"}],"wp:featuredmedia":[{"embeddable":true,"href":"https:\/\/eldiariodesanpedro.com.ar\/sitio\/wp-json\/wp\/v2\/media\/7518"}],"wp:attachment":[{"href":"https:\/\/eldiariodesanpedro.com.ar\/sitio\/wp-json\/wp\/v2\/media?parent=7493"}],"wp:term":[{"taxonomy":"category","embeddable":true,"href":"https:\/\/eldiariodesanpedro.com.ar\/sitio\/wp-json\/wp\/v2\/categories?post=7493"},{"taxonomy":"post_tag","embeddable":true,"href":"https:\/\/eldiariodesanpedro.com.ar\/sitio\/wp-json\/wp\/v2\/tags?post=7493"}],"curies":[{"name":"wp","href":"https:\/\/api.w.org\/{rel}","templated":true}]}}